{"id":98793,"date":"2025-02-10T05:00:00","date_gmt":"2025-02-10T08:00:00","guid":{"rendered":"https:\/\/tvc16.com\/portal\/?p=98793"},"modified":"2025-02-07T15:01:11","modified_gmt":"2025-02-07T18:01:11","slug":"iptu-com-7-de-reducao-em-cota-unica-ate-o-dia-20-em-petropolis","status":"publish","type":"post","link":"https:\/\/tvc16.com\/portal\/2025\/02\/10\/iptu-com-7-de-reducao-em-cota-unica-ate-o-dia-20-em-petropolis\/","title":{"rendered":"IPTU com 7% de redu\u00e7\u00e3o em cota \u00fanica at\u00e9 o dia 20 em Petr\u00f3polis"},"content":{"rendered":"\n<p>Os moradores de Petr\u00f3polis t\u00eam at\u00e9 o dia 20 deste m\u00eas para quitar o IPTU em cota \u00fanica com um desconto de 7%. A Prefeitura disponibiliza essa condi\u00e7\u00e3o especial para incentivar a regulariza\u00e7\u00e3o tribut\u00e1ria e refor\u00e7ar os investimentos na cidade.<\/p>\n\n\n\n<p>\u201cOs recursos provenientes do IPTU impactam diretamente os servi\u00e7os oferecidos \u00e0 popula\u00e7\u00e3o. O desconto \u00e9 uma alternativa para facilitar o pagamento e beneficiar os contribuintes. Vale a pena aproveitar essa promo\u00e7\u00e3o\u201d, refor\u00e7ou o prefeito Hingo Hammes, destacando que a arrecada\u00e7\u00e3o do imposto permite avan\u00e7os em setores essenciais para a cidade.<\/p>\n\n\n\n<p>Para facilitar o acesso aos carn\u00eas, a Prefeitura disponibilizou uma plataforma online no site oficial (www.petropolis.rj.gov.br) e tamb\u00e9m criou cinco pontos de atendimento presencial para a emiss\u00e3o da segunda via. Esses locais funcionam de segunda a sexta-feira, das 9h \u00e0s 17h, e est\u00e3o dispon\u00edveis nos seguintes endere\u00e7os:<\/p>\n\n\n\n<p>Secretaria de Fazenda: Avenida Koeler, 260 \u2013 Centro<br>Centro de Cultura: Pra\u00e7a Visconde de Mau\u00e1, 305 \u2013 Centro<br>Parque de Itaipava: Estrada Uni\u00e3o e Ind\u00fastria, 10.000 \u2013 Itaipava<br>COMDEP: Rua General Rondon, 400 \u2013 Quitandinha<br>INPAS: Rua Doutor Alencar Lima, 35, Sala 101 \u2013 Centro<\/p>\n\n\n\n<p>O secret\u00e1rio de Fazenda, Fabio Junior, ressaltou a relev\u00e2ncia do tributo para o funcionamento da cidade. \u201cO IPTU \u00e9 um recurso fundamental para garantir melhorias em infraestrutura, educa\u00e7\u00e3o e sa\u00fade. Esse desconto \u00e9 uma forma de estimular a adimpl\u00eancia e refor\u00e7ar o compromisso com o desenvolvimento municipal\u201d, afirmou.<\/p>\n\n\n\n<p>A quita\u00e7\u00e3o pode ser feita nas redes banc\u00e1rias credenciadas ou via plataformas digitais. O abatimento \u00e9 exclusivo para quem optar pelo pagamento \u00e0 vista dentro do prazo estabelecido.<\/p>\n","protected":false},"excerpt":{"rendered":"<p>Os moradores de Petr\u00f3polis t\u00eam at\u00e9 o dia 20 deste m\u00eas para quitar o IPTU<\/p>\n","protected":false},"author":2,"featured_media":97148,"comment_status":"open","ping_status":"open","sticky":false,"template":"","format":"standard","meta":{"footnotes":""},"categories":[12],"tags":[],"class_list":["post-98793","post","type-post","status-publish","format-standard","has-post-thumbnail","hentry","category-cidade"],"_links":{"self":[{"href":"https:\/\/tvc16.com\/portal\/wp-json\/wp\/v2\/posts\/98793","targetHints":{"allow":["GET"]}}],"collection":[{"href":"https:\/\/tvc16.com\/portal\/wp-json\/wp\/v2\/posts"}],"about":[{"href":"https:\/\/tvc16.com\/portal\/wp-json\/wp\/v2\/types\/post"}],"author":[{"embeddable":true,"href":"https:\/\/tvc16.com\/portal\/wp-json\/wp\/v2\/users\/2"}],"replies":[{"embeddable":true,"href":"https:\/\/tvc16.com\/portal\/wp-json\/wp\/v2\/comments?post=98793"}],"version-history":[{"count":1,"href":"https:\/\/tvc16.com\/portal\/wp-json\/wp\/v2\/posts\/98793\/revisions"}],"predecessor-version":[{"id":98794,"href":"https:\/\/tvc16.com\/portal\/wp-json\/wp\/v2\/posts\/98793\/revisions\/98794"}],"wp:featuredmedia":[{"embeddable":true,"href":"https:\/\/tvc16.com\/portal\/wp-json\/wp\/v2\/media\/97148"}],"wp:attachment":[{"href":"https:\/\/tvc16.com\/portal\/wp-json\/wp\/v2\/media?parent=98793"}],"wp:term":[{"taxonomy":"category","embeddable":true,"href":"https:\/\/tvc16.com\/portal\/wp-json\/wp\/v2\/categories?post=98793"},{"taxonomy":"post_tag","embeddable":true,"href":"https:\/\/tvc16.com\/portal\/wp-json\/wp\/v2\/tags?post=98793"}],"curies":[{"name":"wp","href":"https:\/\/api.w.org\/{rel}","templated":true}]}}