{"id":98807,"date":"2025-02-08T04:45:00","date_gmt":"2025-02-08T07:45:00","guid":{"rendered":"https:\/\/tvc16.com\/portal\/?p=98807"},"modified":"2025-02-07T14:30:42","modified_gmt":"2025-02-07T17:30:42","slug":"vereador-propoe-implantacao-de-programa-de-terapia-nutricional-para-pessoas-com-transtorno-do-espectro-autista-tea","status":"publish","type":"post","link":"https:\/\/tvc16.com\/portal\/2025\/02\/08\/vereador-propoe-implantacao-de-programa-de-terapia-nutricional-para-pessoas-com-transtorno-do-espectro-autista-tea\/","title":{"rendered":"Vereador prop\u00f5e implanta\u00e7\u00e3o de programa de terapia nutricional para pessoas com Transtorno do Espectro Autista (TEA)"},"content":{"rendered":"\n<p>A C\u00e2mara Municipal de Petr\u00f3polis aprovou, na \u00faltima quinta-feira (06), uma Indica\u00e7\u00e3o Legislativa que disp\u00f5e sobre a cria\u00e7\u00e3o de um Programa de Terapia Nutricional para Pessoas com Transtorno do Espectro Autista (TEA) no munic\u00edpio. A iniciativa visa oferecer cuidados nutricionais especializados para melhorar a sa\u00fade f\u00edsica e mental de pessoas com TEA, promovendo uma abordagem integrada entre alimenta\u00e7\u00e3o e tratamento.<\/p>\n\n\n\n<p>O programa busca garantir a manuten\u00e7\u00e3o e recupera\u00e7\u00e3o do estado de sa\u00fade das pessoas com autismo por meio de acompanhamento nutricional realizado por profissionais especializados. A a\u00e7\u00e3o ter\u00e1 impacto direto no bem-estar dos pacientes, considerando a especificidade alimentar muitas vezes presente em indiv\u00edduos com TEA, como a seletividade alimentar que pode comprometer o desenvolvimento nutricional e levar a dist\u00farbios como obesidade e problemas gastrointestinais.<\/p>\n\n\n\n<p>\u201cEsta \u00e9 uma medida importante para oferecer suporte qualificado \u00e0s fam\u00edlias e profissionais de sa\u00fade que lidam com o Transtorno do Espectro Autista. A proposta busca um tratamento completo, que envolve o acompanhamento nutricional e a capacita\u00e7\u00e3o de nutricionistas e outros profissionais da sa\u00fade, especialmente da Aten\u00e7\u00e3o B\u00e1sica do SUS. O objetivo \u00e9 assegurar que as pessoas com TEA recebam a aten\u00e7\u00e3o necess\u00e1ria, com estrat\u00e9gias alimentares adequadas para minimizar comportamentos compulsivos e melhorar sua qualidade de vida\u201d, afirmou o vereador Gil Magno.<\/p>\n\n\n\n<p>A Indica\u00e7\u00e3o Legislativa estabelece como principais diretrizes a capacita\u00e7\u00e3o cont\u00ednua dos profissionais de sa\u00fade, a articula\u00e7\u00e3o entre as redes p\u00fablicas de atendimento e o apoio \u00e0s fam\u00edlias na elabora\u00e7\u00e3o de dietas adequadas, visando a redu\u00e7\u00e3o da seletividade alimentar. A proposta tamb\u00e9m sugere o incentivo a pesquisas cient\u00edficas sobre nutri\u00e7\u00e3o e autismo, al\u00e9m de fortalecer pol\u00edticas p\u00fablicas que integrem sa\u00fade e educa\u00e7\u00e3o.<\/p>\n\n\n\n<p>O transtorno do espectro autista afeta diretamente os h\u00e1bitos alimentares das crian\u00e7as, que muitas vezes enfrentam desafios relacionados \u00e0 aceita\u00e7\u00e3o de alimentos, podendo levar a car\u00eancias nutricionais ou obesidade. Com base em estudos cient\u00edficos, a indica\u00e7\u00e3o prop\u00f5e uma dieta balanceada, com maior aporte de nutrientes essenciais, como \u00f4mega 3, vitaminas e minerais, al\u00e9m de estrat\u00e9gias nutricionais para tratar dist\u00farbios gastrointestinais comuns em pacientes autistas.<\/p>\n\n\n\n<p>\u201cA ado\u00e7\u00e3o de pr\u00e1ticas nutricionais adequadas tem um impacto direto no tratamento do TEA. Os nutricionistas desempenham um papel fundamental nesse processo, n\u00e3o s\u00f3 orientando as fam\u00edlias sobre a alimenta\u00e7\u00e3o, mas tamb\u00e9m promovendo a educa\u00e7\u00e3o nutricional, garantindo que o ambiente familiar contribua para o sucesso do tratamento\u201d, destacou Gil Magno.<\/p>\n\n\n\n<p>Foto: arquivo <\/p>\n","protected":false},"excerpt":{"rendered":"<p>A C\u00e2mara Municipal de Petr\u00f3polis aprovou, na \u00faltima quinta-feira (06), uma Indica\u00e7\u00e3o Legislativa que disp\u00f5e<\/p>\n","protected":false},"author":2,"featured_media":77330,"comment_status":"open","ping_status":"open","sticky":false,"template":"","format":"standard","meta":{"footnotes":""},"categories":[12],"tags":[],"class_list":["post-98807","post","type-post","status-publish","format-standard","has-post-thumbnail","hentry","category-cidade"],"_links":{"self":[{"href":"https:\/\/tvc16.com\/portal\/wp-json\/wp\/v2\/posts\/98807","targetHints":{"allow":["GET"]}}],"collection":[{"href":"https:\/\/tvc16.com\/portal\/wp-json\/wp\/v2\/posts"}],"about":[{"href":"https:\/\/tvc16.com\/portal\/wp-json\/wp\/v2\/types\/post"}],"author":[{"embeddable":true,"href":"https:\/\/tvc16.com\/portal\/wp-json\/wp\/v2\/users\/2"}],"replies":[{"embeddable":true,"href":"https:\/\/tvc16.com\/portal\/wp-json\/wp\/v2\/comments?post=98807"}],"version-history":[{"count":1,"href":"https:\/\/tvc16.com\/portal\/wp-json\/wp\/v2\/posts\/98807\/revisions"}],"predecessor-version":[{"id":98808,"href":"https:\/\/tvc16.com\/portal\/wp-json\/wp\/v2\/posts\/98807\/revisions\/98808"}],"wp:featuredmedia":[{"embeddable":true,"href":"https:\/\/tvc16.com\/portal\/wp-json\/wp\/v2\/media\/77330"}],"wp:attachment":[{"href":"https:\/\/tvc16.com\/portal\/wp-json\/wp\/v2\/media?parent=98807"}],"wp:term":[{"taxonomy":"category","embeddable":true,"href":"https:\/\/tvc16.com\/portal\/wp-json\/wp\/v2\/categories?post=98807"},{"taxonomy":"post_tag","embeddable":true,"href":"https:\/\/tvc16.com\/portal\/wp-json\/wp\/v2\/tags?post=98807"}],"curies":[{"name":"wp","href":"https:\/\/api.w.org\/{rel}","templated":true}]}}