{"id":98809,"date":"2025-02-09T05:00:00","date_gmt":"2025-02-09T08:00:00","guid":{"rendered":"https:\/\/tvc16.com\/portal\/?p=98809"},"modified":"2025-02-07T14:34:22","modified_gmt":"2025-02-07T17:34:22","slug":"aprovado-projeto-de-lei-que-institui-a-politica-municipal-de-agroecologia-producao-organica-e-alimentacao-saudavel","status":"publish","type":"post","link":"https:\/\/tvc16.com\/portal\/2025\/02\/09\/aprovado-projeto-de-lei-que-institui-a-politica-municipal-de-agroecologia-producao-organica-e-alimentacao-saudavel\/","title":{"rendered":"Aprovado projeto de lei que institui a Pol\u00edtica Municipal de Agroecologia, Produ\u00e7\u00e3o Org\u00e2nica e Alimenta\u00e7\u00e3o Saud\u00e1vel"},"content":{"rendered":"\n<p>A C\u00e2mara Municipal de Petr\u00f3polis aprovou na \u00faltima quinta-feira (06), o projeto de lei que institui a Pol\u00edtica Municipal de Agroecologia, Produ\u00e7\u00e3o Org\u00e2nica e Alimenta\u00e7\u00e3o Saud\u00e1vel (PMAPO). O projeto visa promover a transi\u00e7\u00e3o para pr\u00e1ticas agr\u00edcolas mais sustent\u00e1veis e garantir \u00e0 popula\u00e7\u00e3o petropolitana o acesso a uma alimenta\u00e7\u00e3o mais saud\u00e1vel e nutritiva.<\/p>\n\n\n\n<p>O projeto tem como objetivo principal incentivar pol\u00edticas p\u00fablicas, programas e a\u00e7\u00f5es que induzam a transi\u00e7\u00e3o agroecol\u00f3gica e a produ\u00e7\u00e3o org\u00e2nica no munic\u00edpio, alinhando-se aos princ\u00edpios estabelecidos pelo Decreto Federal n\u00ba 7.794\/2012. Entre suas diretrizes est\u00e3o a promo\u00e7\u00e3o da soberania alimentar, a conserva\u00e7\u00e3o dos ecossistemas naturais, e a redu\u00e7\u00e3o das desigualdades de g\u00eanero e gera\u00e7\u00e3o.<\/p>\n\n\n\n<p>\u201cPetr\u00f3polis, que j\u00e1 \u00e9 a Capital Estadual dos Produtos Org\u00e2nicos, agora dar\u00e1 um passo importante ao institucionalizar a agroecologia e a produ\u00e7\u00e3o org\u00e2nica. Este projeto ajudar\u00e1 a superar obst\u00e1culos enfrentados pelos produtores, promovendo mais apoio e incentivando a ades\u00e3o ao sistema de produ\u00e7\u00e3o ecol\u00f3gica\u201d, afirmou o vereador Junior Paix\u00e3o.<\/p>\n\n\n\n<p>O projeto visa, tamb\u00e9m, ampliar a comercializa\u00e7\u00e3o de alimentos agroecol\u00f3gicos em diversos pontos da cidade, priorizando sistemas justos de comercializa\u00e7\u00e3o e apoiando feiras agroecol\u00f3gicas. A implementa\u00e7\u00e3o de um fundo municipal de apoio \u00e0 agroecologia e a cria\u00e7\u00e3o de um Plano Municipal de Agroecologia e Alimenta\u00e7\u00e3o Saud\u00e1vel, que ser\u00e1 desenvolvido de forma participativa, s\u00e3o algumas das a\u00e7\u00f5es previstas.<\/p>\n\n\n\n<p>A iniciativa n\u00e3o s\u00f3 fortalece a economia local, mas tamb\u00e9m promove benef\u00edcios ambientais e sociais, como o est\u00edmulo ao uso de espa\u00e7os urbanos para a pr\u00e1tica agroecol\u00f3gica, a gera\u00e7\u00e3o de emprego e renda, e a promo\u00e7\u00e3o da educa\u00e7\u00e3o ambiental tanto formal quanto informal.<\/p>\n\n\n\n<p>O vereador disse tamb\u00e9m que com a aprova\u00e7\u00e3o da lei, Petr\u00f3polis se reafirma como um polo de inova\u00e7\u00e3o e sustentabilidade no setor agr\u00edcola, alinhando-se aos princ\u00edpios da seguran\u00e7a alimentar e nutricional, essenciais para garantir o direito \u00e0 alimenta\u00e7\u00e3o saud\u00e1vel a todos os cidad\u00e3os.<\/p>\n\n\n\n<p>A nova pol\u00edtica ser\u00e1 executada de maneira intersetorial, com o envolvimento de diversas secretarias municipais e tamb\u00e9m de institui\u00e7\u00f5es da sociedade civil organizada. A implementa\u00e7\u00e3o ser\u00e1 coordenada por meio de parcerias entre os diversos setores e o apoio cont\u00ednuo do Poder P\u00fablico.<\/p>\n\n\n\n<p>O projeto de lei segue agora para o executivo para aprecia\u00e7\u00e3o.<\/p>\n\n\n\n<p>Foto: \u00a9 Rovena Rosa\/Ag\u00eancia Brasil<br><br><\/p>\n","protected":false},"excerpt":{"rendered":"<p>A C\u00e2mara Municipal de Petr\u00f3polis aprovou na \u00faltima quinta-feira (06), o projeto de lei que<\/p>\n","protected":false},"author":2,"featured_media":98810,"comment_status":"open","ping_status":"open","sticky":false,"template":"","format":"standard","meta":{"footnotes":""},"categories":[12],"tags":[],"class_list":["post-98809","post","type-post","status-publish","format-standard","has-post-thumbnail","hentry","category-cidade"],"_links":{"self":[{"href":"https:\/\/tvc16.com\/portal\/wp-json\/wp\/v2\/posts\/98809","targetHints":{"allow":["GET"]}}],"collection":[{"href":"https:\/\/tvc16.com\/portal\/wp-json\/wp\/v2\/posts"}],"about":[{"href":"https:\/\/tvc16.com\/portal\/wp-json\/wp\/v2\/types\/post"}],"author":[{"embeddable":true,"href":"https:\/\/tvc16.com\/portal\/wp-json\/wp\/v2\/users\/2"}],"replies":[{"embeddable":true,"href":"https:\/\/tvc16.com\/portal\/wp-json\/wp\/v2\/comments?post=98809"}],"version-history":[{"count":1,"href":"https:\/\/tvc16.com\/portal\/wp-json\/wp\/v2\/posts\/98809\/revisions"}],"predecessor-version":[{"id":98811,"href":"https:\/\/tvc16.com\/portal\/wp-json\/wp\/v2\/posts\/98809\/revisions\/98811"}],"wp:featuredmedia":[{"embeddable":true,"href":"https:\/\/tvc16.com\/portal\/wp-json\/wp\/v2\/media\/98810"}],"wp:attachment":[{"href":"https:\/\/tvc16.com\/portal\/wp-json\/wp\/v2\/media?parent=98809"}],"wp:term":[{"taxonomy":"category","embeddable":true,"href":"https:\/\/tvc16.com\/portal\/wp-json\/wp\/v2\/categories?post=98809"},{"taxonomy":"post_tag","embeddable":true,"href":"https:\/\/tvc16.com\/portal\/wp-json\/wp\/v2\/tags?post=98809"}],"curies":[{"name":"wp","href":"https:\/\/api.w.org\/{rel}","templated":true}]}}