{"id":98818,"date":"2025-02-07T14:46:16","date_gmt":"2025-02-07T17:46:16","guid":{"rendered":"https:\/\/tvc16.com\/portal\/?p=98818"},"modified":"2025-02-07T14:47:07","modified_gmt":"2025-02-07T17:47:07","slug":"final-de-semana-com-deguste-edicao-especial-verao","status":"publish","type":"post","link":"https:\/\/tvc16.com\/portal\/2025\/02\/07\/final-de-semana-com-deguste-edicao-especial-verao\/","title":{"rendered":"Final de semana com Deguste edi\u00e7\u00e3o especial: Ver\u00e3o"},"content":{"rendered":"\n<p><em>Cerveja e at\u00e9 escola de samba na Pra\u00e7a da \u00c1guia<\/em><\/p>\n\n\n\n<p>O clima mais quente pede um programa leve e divertido no final de semana e a dica para petropolitanos e visitantes \u00e9 conferir a programa\u00e7\u00e3o da Deguste deste m\u00eas que ter\u00e1 como tem\u00e1tica o Ver\u00e3o. Participa\u00e7\u00e3o especial da bateria da Escola de Samba Imp\u00e9rio Serrano \u00e9 um dos destaques. A 96\u00aa edi\u00e7\u00e3o da Deguste ocorre nos dias 7 e 8 de fevereiro na Pra\u00e7a da \u00c1guia.<\/p>\n\n\n\n<p>\u201cAnima\u00e7\u00e3o total neste esquenta para o carnaval. Preparem-se para uma edi\u00e7\u00e3o divertida e cheia de novidades. \u00c9 hora de aproveitar o ver\u00e3o com m\u00fasica boa, novidades cervejeiras e gastronomia de qualidade\u201d, afirma Rodrigo Duarte, idealizador da Deguste.<\/p>\n\n\n\n<p>Confira a programa\u00e7\u00e3o:<\/p>\n\n\n\n<p>Sexta-feira (07\/02)<\/p>\n\n\n\n<p>20h30 &#8211; Creuzebeck &#8211; Mamonas Assassinas Cover<\/p>\n\n\n\n<p>S\u00e1bado (08\/02)<\/p>\n\n\n\n<p>14h &#8211; Marcos Paulo e Maquininha<\/p>\n\n\n\n<p>17h &#8211; Imp\u00e9rio Serrano<\/p>\n\n\n\n<p>20h30 &#8211; Immigrants<\/p>\n\n\n\n<p>\u201cA ideia \u00e9 oferecer todo o que a Deguste tem de melhor para o nosso p\u00fablico com muita anima\u00e7\u00e3o e aproveitando esse calor para experimentar as novidades das cervejarias artesanais da nossa cidade\u201d, confirma a produtora da Deguste, Gabrielle Rosendo.<\/p>\n\n\n\n<p>Todas as novidades da programa\u00e7\u00e3o podem ser conferidas no Instagram oficial.<\/p>\n\n\n\n<p>A Deguste tem como apoio: AMP, Instituto Vida Ativa, TurisRio, Secretaria de Turismo; Incentivo: Funarj; Apoio Institucional: Secretaria de Cultura e Economia Criativa, Governo do Estado do Rio de Janeiro e Prefeitura de Petr\u00f3polis.<\/p>\n\n\n\n<p>Foto: divulga\u00e7\u00e3o<\/p>\n","protected":false},"excerpt":{"rendered":"<p>Cerveja e at\u00e9 escola de samba na Pra\u00e7a da \u00c1guia O clima mais quente pede<\/p>\n","protected":false},"author":2,"featured_media":98819,"comment_status":"open","ping_status":"open","sticky":false,"template":"","format":"standard","meta":{"footnotes":""},"categories":[12,1],"tags":[],"class_list":["post-98818","post","type-post","status-publish","format-standard","has-post-thumbnail","hentry","category-cidade","category-uncategorized"],"_links":{"self":[{"href":"https:\/\/tvc16.com\/portal\/wp-json\/wp\/v2\/posts\/98818","targetHints":{"allow":["GET"]}}],"collection":[{"href":"https:\/\/tvc16.com\/portal\/wp-json\/wp\/v2\/posts"}],"about":[{"href":"https:\/\/tvc16.com\/portal\/wp-json\/wp\/v2\/types\/post"}],"author":[{"embeddable":true,"href":"https:\/\/tvc16.com\/portal\/wp-json\/wp\/v2\/users\/2"}],"replies":[{"embeddable":true,"href":"https:\/\/tvc16.com\/portal\/wp-json\/wp\/v2\/comments?post=98818"}],"version-history":[{"count":1,"href":"https:\/\/tvc16.com\/portal\/wp-json\/wp\/v2\/posts\/98818\/revisions"}],"predecessor-version":[{"id":98820,"href":"https:\/\/tvc16.com\/portal\/wp-json\/wp\/v2\/posts\/98818\/revisions\/98820"}],"wp:featuredmedia":[{"embeddable":true,"href":"https:\/\/tvc16.com\/portal\/wp-json\/wp\/v2\/media\/98819"}],"wp:attachment":[{"href":"https:\/\/tvc16.com\/portal\/wp-json\/wp\/v2\/media?parent=98818"}],"wp:term":[{"taxonomy":"category","embeddable":true,"href":"https:\/\/tvc16.com\/portal\/wp-json\/wp\/v2\/categories?post=98818"},{"taxonomy":"post_tag","embeddable":true,"href":"https:\/\/tvc16.com\/portal\/wp-json\/wp\/v2\/tags?post=98818"}],"curies":[{"name":"wp","href":"https:\/\/api.w.org\/{rel}","templated":true}]}}