{"id":98825,"date":"2025-02-07T14:57:57","date_gmt":"2025-02-07T17:57:57","guid":{"rendered":"https:\/\/tvc16.com\/portal\/?p=98825"},"modified":"2025-02-07T14:57:59","modified_gmt":"2025-02-07T17:57:59","slug":"estado-e-prefeitura-organizam-forca-tarefa-para-cuidados-com-arvores-em-petropolis","status":"publish","type":"post","link":"https:\/\/tvc16.com\/portal\/2025\/02\/07\/estado-e-prefeitura-organizam-forca-tarefa-para-cuidados-com-arvores-em-petropolis\/","title":{"rendered":"Estado e Prefeitura organizam for\u00e7a tarefa para cuidados com \u00e1rvores em Petr\u00f3polis"},"content":{"rendered":"\n<p><em>Vereador Alo\u00edsio Barbosa Filho levou proposta ao secret\u00e1rio do Ambiente Bernardo Rossi<\/em><\/p>\n\n\n\n<p>A Secretaria de Estado do Ambiente e Sustentabilidade e a prefeitura de Petr\u00f3polis dever\u00e3o unir esfor\u00e7os em uma for\u00e7a tarefa para livrar \u00e1rvores de parasitas, como a erva de passarinho, que prejudica a sa\u00fade das plantas e, eventualmente, ocasiona acidentes que p\u00f5e a popula\u00e7\u00e3o em risco. O assunto foi levado ao secret\u00e1rio de Estado do Ambiente e Sustentabilidade, Bernardo Rossi pelo vereador Alo\u00edsio Barbosa Filho, autor da proposta, que tamb\u00e9m discutiu a necessidade de cuidado com as \u00e1rvores com o prefeito Hingo Hammes. A ideia \u00e9 que o servi\u00e7o comece a ser realizado pelo Centro Hist\u00f3rico, por conta do grande fluxo de pessoas. A pauta ambiental \u00e9 uma prioridade na gest\u00e3o do governador Cl\u00e1udio Castro.<\/p>\n\n\n\n<ul class=\"wp-block-list\">\n<li>A partir da proposta que o vereador Alo\u00edsio Barbosa nos trouxe, vamos mobilizar todos os envolvidos no assunto para formar um grupo de trabalho e, assim, organizarmos uma for\u00e7a tarefa para a limpeza nas \u00e1rvores do Centro Hist\u00f3rico. Este cuidado com as \u00e1rvores \u00e9 importante para o Meio Ambiente, para o turismo e principalmente para a seguran\u00e7a das pessoas . \u2013 assinala o secret\u00e1rio de estado do Ambiente e Sustentabilidade, Bernardo Rossi.<\/li>\n\n\n\n<li>J\u00e1 tivemos acidentes no Centro Hist\u00f3rico com quedas de \u00e1rvores e galhos inclusive atingindo ve\u00edculos e pessoas. A retirada das ervas de passarinho precisa ser feita, pois ela compromete as \u00e1rvores e coloca , a popula\u00e7\u00e3o em risco. Levamos essa ideia ao prefeito Hingo Hammes, que acolheu a iniciativa. Fico muito feliz por conseguirmos tamb\u00e9m o apoio do secret\u00e1rio Bernardo Rossi, que tamb\u00e9m abra\u00e7ou a ideia de cria\u00e7\u00e3o desta for\u00e7a tarefa de trabalho \u2013 destaca o vereador Alo\u00edsio Barbosa Filho.<\/li>\n<\/ul>\n\n\n\n<p>A iniciativa tamb\u00e9m foi discutida pelo vereador com o secret\u00e1rio municipal de Meio Ambiente e vice prefeito de Petr\u00f3polis Albano Filho \u2013 \u201cBaninho\u201d e com a presidente da Companhia Municipalde Desenvolvimento de Petr\u00f3polis &#8211; Comdep.<\/p>\n\n\n\n<p>A partir da proposta, a Secret\u00e1ria de Estado do Ambiente e Sustentabilidade ir\u00e1 liderar a mobiliza\u00e7\u00e3o de \u00f3rg\u00e3os envolvidos, convocando uma reuni\u00e3o para a organiza\u00e7\u00e3o da opera\u00e7\u00e3o.<\/p>\n\n\n\n<ul class=\"wp-block-list\">\n<li>A uni\u00e3o de esfor\u00e7os entre Estado e munic\u00edpio vem sendo fundamental para agilizarmos as a\u00e7\u00f5es importantes para a popula\u00e7\u00e3o da nossa cidade. Com este apoio poderemos avan\u00e7ar em mais uma frente de trabalho. &#8211; destaca o prefeito Hingo Hammes, lembrando que iniciativas como a do vereador Alo\u00edsio, somam para as melhorias na cidade.<br>Ser\u00e3o convidados para a reuni\u00e3o representantes da Concession\u00e1ria de Energia Enel, que precisa auxiliar nos trabalhos em locais com rede de energia pr\u00f3xima \u00e0s \u00e1rvores; do Instituto do Patrim\u00f4nio Hist\u00f3rico e Art\u00edstico Nacional (Iphan) \u2013 que precisa autorizar o servi\u00e7o em \u00e1reas de tombamento federal, como algumas pra\u00e7as e margens de rios; al\u00e9m de representantes da prefeitura \u2013 Companhia Municipal de Desenvolvimento (Comdep) e Secretaria Municipal de Meio Ambiente, e outros envolvidos.<\/li>\n<\/ul>\n\n\n\n<p>Foto: divulga\u00e7\u00e3o <\/p>\n","protected":false},"excerpt":{"rendered":"<p>Vereador Alo\u00edsio Barbosa Filho levou proposta ao secret\u00e1rio do Ambiente Bernardo Rossi A Secretaria de<\/p>\n","protected":false},"author":2,"featured_media":98826,"comment_status":"open","ping_status":"open","sticky":false,"template":"","format":"standard","meta":{"footnotes":""},"categories":[12],"tags":[],"class_list":["post-98825","post","type-post","status-publish","format-standard","has-post-thumbnail","hentry","category-cidade"],"_links":{"self":[{"href":"https:\/\/tvc16.com\/portal\/wp-json\/wp\/v2\/posts\/98825","targetHints":{"allow":["GET"]}}],"collection":[{"href":"https:\/\/tvc16.com\/portal\/wp-json\/wp\/v2\/posts"}],"about":[{"href":"https:\/\/tvc16.com\/portal\/wp-json\/wp\/v2\/types\/post"}],"author":[{"embeddable":true,"href":"https:\/\/tvc16.com\/portal\/wp-json\/wp\/v2\/users\/2"}],"replies":[{"embeddable":true,"href":"https:\/\/tvc16.com\/portal\/wp-json\/wp\/v2\/comments?post=98825"}],"version-history":[{"count":1,"href":"https:\/\/tvc16.com\/portal\/wp-json\/wp\/v2\/posts\/98825\/revisions"}],"predecessor-version":[{"id":98827,"href":"https:\/\/tvc16.com\/portal\/wp-json\/wp\/v2\/posts\/98825\/revisions\/98827"}],"wp:featuredmedia":[{"embeddable":true,"href":"https:\/\/tvc16.com\/portal\/wp-json\/wp\/v2\/media\/98826"}],"wp:attachment":[{"href":"https:\/\/tvc16.com\/portal\/wp-json\/wp\/v2\/media?parent=98825"}],"wp:term":[{"taxonomy":"category","embeddable":true,"href":"https:\/\/tvc16.com\/portal\/wp-json\/wp\/v2\/categories?post=98825"},{"taxonomy":"post_tag","embeddable":true,"href":"https:\/\/tvc16.com\/portal\/wp-json\/wp\/v2\/tags?post=98825"}],"curies":[{"name":"wp","href":"https:\/\/api.w.org\/{rel}","templated":true}]}}