{"id":9883,"date":"2021-01-25T22:38:12","date_gmt":"2021-01-26T01:38:12","guid":{"rendered":"https:\/\/tvc16.com\/portal\/?p=9883"},"modified":"2021-01-25T22:38:14","modified_gmt":"2021-01-26T01:38:14","slug":"petropolis-recebeu-3-280-doses-da-vacina-astrazeneca-nesta-segunda-feira-25-e-vai-dar-continuidade-a-primeira-fase-da-vacinacao","status":"publish","type":"post","link":"https:\/\/tvc16.com\/portal\/2021\/01\/25\/petropolis-recebeu-3-280-doses-da-vacina-astrazeneca-nesta-segunda-feira-25-e-vai-dar-continuidade-a-primeira-fase-da-vacinacao\/","title":{"rendered":"Petr\u00f3polis recebeu 3.280 doses da vacina AstraZeneca nesta segunda-feira (25) e vai dar continuidade \u00e0 primeira fase da vacina\u00e7\u00e3o"},"content":{"rendered":"\n<p>Petr\u00f3polis recebeu, na manh\u00e3 desta segunda-feira (26), a segunda remessa de vacinas contra o coronav\u00edrus. Desta vez, as doses disponibilizadas pelo Governo Federal foram da vacina AstraZeneca, da Fiocruz\/Oxford. As 3.280 doses foram entregues ao secret\u00e1rio de Sa\u00fade, Aloisio Barbosa da Silva Filho, que esteve em Teres\u00f3polis representando o prefeito interino Hingo Hammes, e trazidas para o munic\u00edpio com escolta policial.<\/p>\n\n\n\n<p><\/p>\n\n\n\n<figure class=\"wp-block-image size-large\"><img loading=\"lazy\" decoding=\"async\" width=\"768\" height=\"1024\" src=\"https:\/\/tvc16.com\/portal\/wp-content\/uploads\/2021\/01\/IMG-20210125-WA0146-768x1024.jpg\" alt=\"\" class=\"wp-image-9884\" srcset=\"https:\/\/tvc16.com\/portal\/wp-content\/uploads\/2021\/01\/IMG-20210125-WA0146-768x1024.jpg 768w, https:\/\/tvc16.com\/portal\/wp-content\/uploads\/2021\/01\/IMG-20210125-WA0146-225x300.jpg 225w, https:\/\/tvc16.com\/portal\/wp-content\/uploads\/2021\/01\/IMG-20210125-WA0146.jpg 960w\" sizes=\"auto, (max-width: 768px) 100vw, 768px\" \/><\/figure>\n\n\n\n<p><br>&#8220;Essa nova remessa vai permitir a amplia\u00e7\u00e3o da cobertura vacinal para os profissionais que est\u00e3o atuando na linha de frente no combate \u00e0 Covid-19. \u00c9 mais um passo importante na luta contra a doen\u00e7a na nossa cidade&#8221;, avaliou Hammes.<br>O secret\u00e1rio de Sa\u00fade, Aloisio Barbosa da Silva Filho, explicou que a nova remessa ser\u00e1 utilizada integralmente para atender o p\u00fablico priorit\u00e1rio elencado pelo Minist\u00e9rio da Sa\u00fade. &#8220;A primeira remessa n\u00e3o era suficiente para atender todos os profissionais que est\u00e3o na linha de frente do combate \u00e0 Covid-19, por isso, vamos dar continuidade \u00e0 vacina\u00e7\u00e3o deste p\u00fablico&#8221;.<\/p>\n\n\n\n<p><\/p>\n\n\n\n<figure class=\"wp-block-image size-large\"><img loading=\"lazy\" decoding=\"async\" width=\"1024\" height=\"768\" src=\"https:\/\/tvc16.com\/portal\/wp-content\/uploads\/2021\/01\/IMG-20210125-WA0145-1024x768.jpg\" alt=\"\" class=\"wp-image-9885\" srcset=\"https:\/\/tvc16.com\/portal\/wp-content\/uploads\/2021\/01\/IMG-20210125-WA0145-1024x768.jpg 1024w, https:\/\/tvc16.com\/portal\/wp-content\/uploads\/2021\/01\/IMG-20210125-WA0145-300x225.jpg 300w, https:\/\/tvc16.com\/portal\/wp-content\/uploads\/2021\/01\/IMG-20210125-WA0145-768x576.jpg 768w, https:\/\/tvc16.com\/portal\/wp-content\/uploads\/2021\/01\/IMG-20210125-WA0145-200x150.jpg 200w, https:\/\/tvc16.com\/portal\/wp-content\/uploads\/2021\/01\/IMG-20210125-WA0145.jpg 1280w\" sizes=\"auto, (max-width: 1024px) 100vw, 1024px\" \/><\/figure>\n\n\n\n<p><br>Ele adiantou que, na sequ\u00eancia, a vacina\u00e7\u00e3o ser\u00e1 estendida para os demais profissionais da Sa\u00fade com maior risco de complica\u00e7\u00f5es. &#8220;Todos os profissionais de Sa\u00fade podem ficar tranquilos porque todos ser\u00e3o vacinados. As novas estrat\u00e9gias ser\u00e3o divulgadas conforme forem sendo liberadas novas doses pelo Minist\u00e9rio da Sa\u00fade&#8221;, declarou Aloisio Barbosa.<br>As 3.280 doses da AstraZeneca recebidas nesta segunda-feira se unem \u00e0s 4.905 doses da Coronavac, entregues na semana passada, para atender \u00e0 primeira fase da vacina\u00e7\u00e3o. A estimativa inicial da Secretaria de Sa\u00fade era vacinar, na primeira fase, 30 mil pessoas. No entanto, at\u00e9 o momento, o munic\u00edpio recebeu apenas 27% das doses necess\u00e1rias para imunizar profissionais de sa\u00fade, idosos acima de 60 anos residentes em institui\u00e7\u00f5es de longa perman\u00eancia, e deficientes maiores de 18 anos residentes em moradias inclusivas.<br>A previs\u00e3o \u00e9 que a segunda dose da Coronavac seja entregue na primeira semana de fevereiro. J\u00e1 a segunda dose da AstraZeneca ser\u00e1 distribu\u00edda daqui a tr\u00eas meses.<\/p>\n","protected":false},"excerpt":{"rendered":"<p>Petr\u00f3polis recebeu, na manh\u00e3 desta segunda-feira (26), a segunda remessa de vacinas contra o coronav\u00edrus.<\/p>\n","protected":false},"author":2,"featured_media":9886,"comment_status":"open","ping_status":"open","sticky":false,"template":"","format":"standard","meta":{"footnotes":""},"categories":[12],"tags":[],"class_list":["post-9883","post","type-post","status-publish","format-standard","has-post-thumbnail","hentry","category-cidade"],"_links":{"self":[{"href":"https:\/\/tvc16.com\/portal\/wp-json\/wp\/v2\/posts\/9883","targetHints":{"allow":["GET"]}}],"collection":[{"href":"https:\/\/tvc16.com\/portal\/wp-json\/wp\/v2\/posts"}],"about":[{"href":"https:\/\/tvc16.com\/portal\/wp-json\/wp\/v2\/types\/post"}],"author":[{"embeddable":true,"href":"https:\/\/tvc16.com\/portal\/wp-json\/wp\/v2\/users\/2"}],"replies":[{"embeddable":true,"href":"https:\/\/tvc16.com\/portal\/wp-json\/wp\/v2\/comments?post=9883"}],"version-history":[{"count":1,"href":"https:\/\/tvc16.com\/portal\/wp-json\/wp\/v2\/posts\/9883\/revisions"}],"predecessor-version":[{"id":9888,"href":"https:\/\/tvc16.com\/portal\/wp-json\/wp\/v2\/posts\/9883\/revisions\/9888"}],"wp:featuredmedia":[{"embeddable":true,"href":"https:\/\/tvc16.com\/portal\/wp-json\/wp\/v2\/media\/9886"}],"wp:attachment":[{"href":"https:\/\/tvc16.com\/portal\/wp-json\/wp\/v2\/media?parent=9883"}],"wp:term":[{"taxonomy":"category","embeddable":true,"href":"https:\/\/tvc16.com\/portal\/wp-json\/wp\/v2\/categories?post=9883"},{"taxonomy":"post_tag","embeddable":true,"href":"https:\/\/tvc16.com\/portal\/wp-json\/wp\/v2\/tags?post=9883"}],"curies":[{"name":"wp","href":"https:\/\/api.w.org\/{rel}","templated":true}]}}