{"id":98843,"date":"2025-02-07T15:24:08","date_gmt":"2025-02-07T18:24:08","guid":{"rendered":"https:\/\/tvc16.com\/portal\/?p=98843"},"modified":"2025-02-07T15:24:12","modified_gmt":"2025-02-07T18:24:12","slug":"mendes-rejeita-recursos-sobre-descriminalizacao-do-porte-de-maconha","status":"publish","type":"post","link":"https:\/\/tvc16.com\/portal\/2025\/02\/07\/mendes-rejeita-recursos-sobre-descriminalizacao-do-porte-de-maconha\/","title":{"rendered":"Mendes rejeita recursos sobre descriminaliza\u00e7\u00e3o do porte de maconha"},"content":{"rendered":"\n<p>O ministro Gilmar Mendes, do Supremo Tribuna Federal (STF), rejeitou, nesta sexta-feira (7), dois recursos feitos pelo Minist\u00e9rio P\u00fablico do Estado de S\u00e3o Paulo (MPSP) e pela Defensoria P\u00fablica do Estado de S\u00e3o Paulo (DPESP), que pediam esclarecimentos sobre a decis\u00e3o do plen\u00e1rio segundo a qual o porte de at\u00e9<a href=\"https:\/\/agenciabrasil.ebc.com.br\/justica\/noticia\/2024-06\/supremo-fixa-40g-de-maconha-para-diferenciar-usuario-de-traficante\" target=\"_blank\" rel=\"noreferrer noopener\">&nbsp;40 gramas<\/a>&nbsp;(g) de&nbsp;maconha n\u00e3o \u00e9 crime.&nbsp;<img decoding=\"async\" src=\"https:\/\/agenciabrasil.ebc.com.br\/ebc.png?id=1629523&amp;o=node\"><img decoding=\"async\" src=\"https:\/\/agenciabrasil.ebc.com.br\/ebc.gif?id=1629523&amp;o=node\"><\/p>\n\n\n\n<p>O tema voltou a julgamento no plen\u00e1rio virtual, em que os ministros depositam seus votos de forma remota. A an\u00e1lise come\u00e7ou na manh\u00e3 desta sexta e segue at\u00e9 as 23h59 da pr\u00f3xima sexta-feira. Relator do processo, Mendes foi o \u00fanico a votar at\u00e9 o momento.&nbsp;<\/p>\n\n\n\n<p>O ministro rejeitou ponto a ponto o que seriam obscuridades e omiss\u00f5es apontadas pelos \u00f3rg\u00e3os paulistas na decis\u00e3o. Nos recursos, do tipo embargos de declara\u00e7\u00e3o, foram feitos cinco questionamentos principais pelo Minist\u00e9rio P\u00fablico e dois pela Defensoria P\u00fablica.<\/p>\n\n\n\n<p>Em tese, os embargos de declara\u00e7\u00e3o n\u00e3o seriam capazes de alterar o resultado do julgamento, mas somente&nbsp;<a href=\"https:\/\/agenciabrasil.ebc.com.br\/justica\/noticia\/2024-06\/entenda-decisao-do-stf-sobre-descriminalizacao-do-porte-de-maconha\" target=\"_blank\" rel=\"noreferrer noopener\">esclarecer pontos da decis\u00e3o<\/a>, ainda que existam casos nos quais esse tipo de recurso acaba resultando na altera\u00e7\u00e3o do resultado final.&nbsp;<\/p>\n\n\n\n<p>Mendes nega, por exemplo, que haja margem para a interpreta\u00e7\u00e3o de que a decis\u00e3o \u201cabrangeria outras drogas al\u00e9m da C<em>annabis sativa<\/em>\u201d. O MPSP queria que o Supremo fosse mais assertivo nesse ponto, por entender que a tese final de julgamento n\u00e3o havia ficado clara o bastante.&nbsp;<\/p>\n\n\n\n<p>Mesmo nos casos envolvendo quantidades maiores que 40g de maconha, Mendes considera&nbsp;ter ficado claro na decis\u00e3o do Supremo que \u201co juiz n\u00e3o deve condenar o r\u00e9u [por tr\u00e1fico de drogas] num impulso autom\u00e1tico\u201d.<\/p>\n\n\n\n<p>A defensoria paulista havia apontado que, como ficou escrito, a tese final do julgamento poderia dar a entender que cabe \u00e0 pessoa flagrada com a maconha provar que \u00e9 usu\u00e1rio e n\u00e3o traficante. O ministro esclareceu que a quantidade de droga \u201cconstitui apenas um dos par\u00e2metros que deve ser avaliado para classificar a conduta do r\u00e9u\u201d.&nbsp;<\/p>\n\n\n\n<p>\u201cEm s\u00edntese, o que deve o juiz apontar nos autos n\u00e3o \u00e9 se o pr\u00f3prio acusado produziu prova de que \u00e9 apenas usu\u00e1rio, mas se o conjunto de elementos do art. 28, \u00a72\u00ba, da Lei 11.343\/2006 permite concluir que a conduta do r\u00e9u tipifica o crime de tr\u00e1fico ou o il\u00edcito de posse de pequena quantidade de C<em>annabis sativa<\/em>&nbsp;para uso pessoal\u201d, explicou.&nbsp;<\/p>\n\n\n\n<h2 class=\"wp-block-heading\">Retroatividade<\/h2>\n\n\n\n<p>Outro ponto rejeitado por Mendes trata do efeito temporal da decis\u00e3o. O MPSP pediu que o Supremo deixasse mais claro se a descriminaliza\u00e7\u00e3o do porte de 40g de maconha se aplicaria ou n\u00e3o aos casos anteriores ao julgamento, at\u00e9 2006, quando foi publicada a Lei de Drogas (Lei 11.343\/2006).&nbsp;<\/p>\n\n\n\n<p>Mendes frisa&nbsp;que o plen\u00e1rio do Supremo n\u00e3o foi omisso nem obscuro sobre o ponto. \u201cMuito pelo contr\u00e1rio. O ac\u00f3rd\u00e3o [decis\u00e3o colegiada] determinou que o CNJ [Conselho Nacional de Justi\u00e7a] realize mutir\u00f5es carcer\u00e1rios, a indicar que a decis\u00e3o impacta casos pret\u00e9ritos\u201d, escreveu o ministro.&nbsp;<\/p>\n\n\n\n<p>Dessa maneira, o relator confirma&nbsp;que a decis\u00e3o beneficia os r\u00e9us mesmo em casos passados, mesmo quando o r\u00e9u j\u00e1 est\u00e1 cumprindo a pena, que deve ser aliviada. Da mesma maneira, a decis\u00e3o do plen\u00e1rio em nada impede a participa\u00e7\u00e3o do Minist\u00e9rio P\u00fablico nos mutir\u00f5es carcer\u00e1rios determinados pelo Supremo, outro ponto questionado pelo MPSP, assegura&nbsp;Mendes.&nbsp;<\/p>\n\n\n\n<p>O ministro ressalta&nbsp;ainda que, pela decis\u00e3o do Supremo, n\u00e3o \u00e9 poss\u00edvel impor san\u00e7\u00f5es de natureza criminal aos usu\u00e1rios de maconha, incluindo a pena de servi\u00e7os comunit\u00e1rios, ap\u00f3s o MPSP ter cogitado uma poss\u00edvel aplica\u00e7\u00e3o desse tipo de san\u00e7\u00e3o.&nbsp;<\/p>\n\n\n\n<p>\u201cConforme j\u00e1 afirmado, a decis\u00e3o deixou clara a inviabilidade de repercuss\u00e3o penal do citado dispositivo legal em rela\u00e7\u00e3o ao porte de C<em>annabis sativa<\/em>&nbsp;para uso pessoal, raz\u00e3o por que a presta\u00e7\u00e3o de servi\u00e7os \u00e0 comunidade (inciso II) n\u00e3o deve ser aplicada em tais hip\u00f3teses, tendo em conta tratar-se de san\u00e7\u00e3o tipicamente penal\u201d, afirma&nbsp;Mendes.&nbsp;<\/p>\n\n\n\n<h2 class=\"wp-block-heading\">Skunk&nbsp;e haxixe<\/h2>\n\n\n\n<p>O MPSP questionou ainda se o porte de maconha deixa de ser crime apenas se a droga estiver na forma da erva seca ou se abrangeria \u201cqualquer produto que contenha o THC\u201d, princ\u00edpio ativo da&nbsp;<em>Cannabis sativa<\/em>, como o haxixe e do&nbsp;skunk, que podem alcan\u00e7ar concentra\u00e7\u00f5es mais fortes de psicoativos.<\/p>\n\n\n\n<p>Mendes tamb\u00e9m nega&nbsp;que haja algo a esclarecer nesse ponto. \u201cO deslinde da controv\u00e9rsia se restringiu \u00e0 droga objeto do recurso extraordin\u00e1rio, e nenhuma manifesta\u00e7\u00e3o estendeu tal entendimento para os entorpecentes citados pelo embargante (haxixe e&nbsp;skunk)\u201d, escreveu o ministro.&nbsp;<\/p>\n\n\n\n<p>O julgamento sobre a descriminaliza\u00e7\u00e3o do porte de maconha foi conclu\u00eddo em junho do ano passado, ap\u00f3s diversas tentativas de pautar o tema e sucessivos atrasos e pedidos de vista. Ao menos seis ministros, a maioria, votaram no sentido de que o porte de 40g de maconha e o plantio de at\u00e9 seis plantas f\u00eameas de&nbsp;cannabis sativa&nbsp;n\u00e3o s\u00e3o crime. Alguns ministros, contudo, proferiram votos intermedi\u00e1rios, o que dificultou cravar um placar final.&nbsp;<\/p>\n\n\n\n<p>Pela tese que prevaleceu ao final, em pleno vigor desde a publica\u00e7\u00e3o da ata de julgamento, a quantidade de 40g de maconha e seus plantas f\u00eameas servem como refer\u00eancia at\u00e9 que o Congresso delibere sobre o assunto e eventualmente defina novos par\u00e2metros.&nbsp;<\/p>\n\n\n\n<p>Felipe Pontes &#8211; Rep\u00f3rter da Ag\u00eancia Brasil<br>Foto: \u00a9 lovingimages\/ Pixabay<br><br><\/p>\n","protected":false},"excerpt":{"rendered":"<p>O ministro Gilmar Mendes, do Supremo Tribuna Federal (STF), rejeitou, nesta sexta-feira (7), dois recursos<\/p>\n","protected":false},"author":2,"featured_media":98844,"comment_status":"open","ping_status":"open","sticky":false,"template":"","format":"standard","meta":{"footnotes":""},"categories":[17],"tags":[],"class_list":["post-98843","post","type-post","status-publish","format-standard","has-post-thumbnail","hentry","category-outras-noticias"],"_links":{"self":[{"href":"https:\/\/tvc16.com\/portal\/wp-json\/wp\/v2\/posts\/98843","targetHints":{"allow":["GET"]}}],"collection":[{"href":"https:\/\/tvc16.com\/portal\/wp-json\/wp\/v2\/posts"}],"about":[{"href":"https:\/\/tvc16.com\/portal\/wp-json\/wp\/v2\/types\/post"}],"author":[{"embeddable":true,"href":"https:\/\/tvc16.com\/portal\/wp-json\/wp\/v2\/users\/2"}],"replies":[{"embeddable":true,"href":"https:\/\/tvc16.com\/portal\/wp-json\/wp\/v2\/comments?post=98843"}],"version-history":[{"count":1,"href":"https:\/\/tvc16.com\/portal\/wp-json\/wp\/v2\/posts\/98843\/revisions"}],"predecessor-version":[{"id":98845,"href":"https:\/\/tvc16.com\/portal\/wp-json\/wp\/v2\/posts\/98843\/revisions\/98845"}],"wp:featuredmedia":[{"embeddable":true,"href":"https:\/\/tvc16.com\/portal\/wp-json\/wp\/v2\/media\/98844"}],"wp:attachment":[{"href":"https:\/\/tvc16.com\/portal\/wp-json\/wp\/v2\/media?parent=98843"}],"wp:term":[{"taxonomy":"category","embeddable":true,"href":"https:\/\/tvc16.com\/portal\/wp-json\/wp\/v2\/categories?post=98843"},{"taxonomy":"post_tag","embeddable":true,"href":"https:\/\/tvc16.com\/portal\/wp-json\/wp\/v2\/tags?post=98843"}],"curies":[{"name":"wp","href":"https:\/\/api.w.org\/{rel}","templated":true}]}}