{"id":98863,"date":"2025-02-10T08:39:10","date_gmt":"2025-02-10T11:39:10","guid":{"rendered":"https:\/\/tvc16.com\/portal\/?p=98863"},"modified":"2025-02-10T08:39:13","modified_gmt":"2025-02-10T11:39:13","slug":"acao-da-prefeitura-conscientiza-banhistas-sobre-preservacao-ambiental-e-seguranca-na-cachoeira-do-pinheiral","status":"publish","type":"post","link":"https:\/\/tvc16.com\/portal\/2025\/02\/10\/acao-da-prefeitura-conscientiza-banhistas-sobre-preservacao-ambiental-e-seguranca-na-cachoeira-do-pinheiral\/","title":{"rendered":"A\u00e7\u00e3o da Prefeitura conscientiza banhistas sobre preserva\u00e7\u00e3o ambiental e seguran\u00e7a na Cachoeira do Pinheiral"},"content":{"rendered":"\n<p>A Prefeitura realizou, neste s\u00e1bado, uma a\u00e7\u00e3o de conscientiza\u00e7\u00e3o na Cachoeira do Pinheiral, no Bonfim, em Corr\u00eaas. A iniciativa, orientada pelo prefeito Hingo Hammes, reuniu diferentes secretarias municipais e teve como objetivo orientar os banhistas sobre a import\u00e2ncia da conserva\u00e7\u00e3o ambiental e os cuidados com a seguran\u00e7a na \u00e1rea.<\/p>\n\n\n\n<p>A a\u00e7\u00e3o envolveu as secretarias de Meio Ambiente, Turismo, Prote\u00e7\u00e3o e Defesa Civil, al\u00e9m da Companhia Petropolitana de Tr\u00e2nsito e Transportes (CPTrans). Durante a atividade, secret\u00e1rios municipais conversaram com frequentadores e refor\u00e7aram mensagens sobre o descarte adequado de res\u00edduos e a aten\u00e7\u00e3o aos riscos naturais da cachoeira. \u201cEstamos trabalhando de forma integrada para garantir que os moradores e turistas curtam Petr\u00f3polis, se divirtam, mas que seja uma experi\u00eancia que n\u00e3o prejudique o meio ambiente, a seguran\u00e7a dos frequentadores e que o tr\u00e2nsito esteja ordenado para n\u00e3o prejudicar a passagem de ve\u00edculos e linhas de \u00f4nibus\u201d, afirmou o prefeito, Hingo Hammes.<\/p>\n\n\n\n<p>O vice-prefeito e secret\u00e1rio de Meio Ambiente, Albano Filho, ressaltou a import\u00e2ncia de pr\u00e1ticas sustent\u00e1veis para a preserva\u00e7\u00e3o da regi\u00e3o. \u201cNossa cidade \u00e9 um destino tur\u00edstico muito procurado por suas cachoeiras. Precisamos que cada visitante tenha consci\u00eancia e contribua para manter esses espa\u00e7os limpos e preservados\u201d, afirmou.<\/p>\n\n\n\n<p>As secretarias atuar\u00e3o durante todo o ver\u00e3o em todas as cachoeiras do munic\u00edpio. &#8220;Nosso objetivo \u00e9 garantir que os visitantes desfrutem das belezas naturais de nossa cidade com responsabilidade e seguran\u00e7a\u201d, destacou o secret\u00e1rio de Turismo, Pablo Kling.<\/p>\n\n\n\n<p>Al\u00e9m da preocupa\u00e7\u00e3o ambiental, a a\u00e7\u00e3o tamb\u00e9m alertou sobre os perigos naturais da regi\u00e3o. O secret\u00e1rio de Defesa Civil, tenente-coronel Guilherme Moraes, enfatizou os riscos de cabe\u00e7a d\u2019\u00e1gua e mudan\u00e7as repentinas no n\u00edvel do rio. \u201c\u00c9 fundamental acompanhar a previs\u00e3o meteorol\u00f3gica e, ao menor sinal de aumento no fluxo de \u00e1gua, sair imediatamente da cachoeira para garantir a seguran\u00e7a&#8221; disse. Durante a vistoria, foram encontradas garrafas de vidro e latinhas sobre as pedras, aumentando o risco de acidentes.<\/p>\n\n\n\n<p>No aspecto da mobilidade, agentes da CPTrans orientaram motoristas sobre o estacionamento correto na \u00e1rea. O presidente da companhia, Luciano Moreira, refor\u00e7ou a import\u00e2ncia do respeito \u00e0 sinaliza\u00e7\u00e3o. \u201cPedimos que os motoristas evitem estacionar em locais proibidos, pois isso pode comprometer o tr\u00e1fego e at\u00e9 mesmo o acesso de ve\u00edculos de emerg\u00eancia\u201d, orientou<\/p>\n\n\n\n<p>Moradora de Corr\u00eaas, Marina Silva fez um apelo para que turistas e banhistas se engajem na limpeza do local. \u201cFrequento a cachoeira todo fim de semana e vejo muito lixo deixado para tr\u00e1s. Cada um pode fazer sua parte: levar uma sacolinha, recolher os res\u00edduos e descart\u00e1-los corretamente\u201d.<\/p>\n","protected":false},"excerpt":{"rendered":"<p>A Prefeitura realizou, neste s\u00e1bado, uma a\u00e7\u00e3o de conscientiza\u00e7\u00e3o na Cachoeira do Pinheiral, no Bonfim,<\/p>\n","protected":false},"author":2,"featured_media":98864,"comment_status":"open","ping_status":"open","sticky":false,"template":"","format":"standard","meta":{"footnotes":""},"categories":[12],"tags":[],"class_list":["post-98863","post","type-post","status-publish","format-standard","has-post-thumbnail","hentry","category-cidade"],"_links":{"self":[{"href":"https:\/\/tvc16.com\/portal\/wp-json\/wp\/v2\/posts\/98863","targetHints":{"allow":["GET"]}}],"collection":[{"href":"https:\/\/tvc16.com\/portal\/wp-json\/wp\/v2\/posts"}],"about":[{"href":"https:\/\/tvc16.com\/portal\/wp-json\/wp\/v2\/types\/post"}],"author":[{"embeddable":true,"href":"https:\/\/tvc16.com\/portal\/wp-json\/wp\/v2\/users\/2"}],"replies":[{"embeddable":true,"href":"https:\/\/tvc16.com\/portal\/wp-json\/wp\/v2\/comments?post=98863"}],"version-history":[{"count":1,"href":"https:\/\/tvc16.com\/portal\/wp-json\/wp\/v2\/posts\/98863\/revisions"}],"predecessor-version":[{"id":98865,"href":"https:\/\/tvc16.com\/portal\/wp-json\/wp\/v2\/posts\/98863\/revisions\/98865"}],"wp:featuredmedia":[{"embeddable":true,"href":"https:\/\/tvc16.com\/portal\/wp-json\/wp\/v2\/media\/98864"}],"wp:attachment":[{"href":"https:\/\/tvc16.com\/portal\/wp-json\/wp\/v2\/media?parent=98863"}],"wp:term":[{"taxonomy":"category","embeddable":true,"href":"https:\/\/tvc16.com\/portal\/wp-json\/wp\/v2\/categories?post=98863"},{"taxonomy":"post_tag","embeddable":true,"href":"https:\/\/tvc16.com\/portal\/wp-json\/wp\/v2\/tags?post=98863"}],"curies":[{"name":"wp","href":"https:\/\/api.w.org\/{rel}","templated":true}]}}