{"id":98870,"date":"2025-02-10T08:47:24","date_gmt":"2025-02-10T11:47:24","guid":{"rendered":"https:\/\/tvc16.com\/portal\/?p=98870"},"modified":"2025-02-10T08:47:28","modified_gmt":"2025-02-10T11:47:28","slug":"itaipava-pede-atencao-integrada-as-tres-rodovias-federais-que-cortam-o-distrito","status":"publish","type":"post","link":"https:\/\/tvc16.com\/portal\/2025\/02\/10\/itaipava-pede-atencao-integrada-as-tres-rodovias-federais-que-cortam-o-distrito\/","title":{"rendered":"Itaipava pede aten\u00e7\u00e3o integrada \u00e0s tr\u00eas rodovias federais que cortam o distrito"},"content":{"rendered":"\n<p><em>Unita defende plano que considere as estradas como rede vi\u00e1ria combinada<\/em><em><\/em><\/p>\n\n\n\n<p>Itaipava \u00e9 cruzada por tr\u00eas rodovias federais que desempenham pap\u00e9is estrat\u00e9gicos para a mobilidade urbana, o turismo e o desenvolvimento local. A BR-495, a BR-040 e a Estrada Uni\u00e3o e Ind\u00fastria formam uma rede vi\u00e1ria essencial, mas que, segundo a Unidos por Itaipava (Unita), carece de uma abordagem integrada para manuten\u00e7\u00e3o e moderniza\u00e7\u00e3o. A entidade que representa empresas da regi\u00e3o prop\u00f5e que as rodovias sejam tratadas, buscando melhorias, de forma integrada. Com esse objetivo est\u00e1 pontuando junto aos \u00f3rg\u00e3os municipais, estaduais e federais que fa\u00e7am um olhar macro e considerem as rodovias uma rede de mobilidade.<\/p>\n\n\n\n<p>A BR-495, que conecta Petr\u00f3polis a Teres\u00f3polis, passa por v\u00e1rias localidades urbanas de Itaipava e \u00e9 fundamental tanto para o deslocamento de moradores quanto para o ecoturismo. J\u00e1 a BR-040, que liga o Rio de Janeiro a Juiz de Fora, funciona como uma alternativa ao tr\u00e2nsito mais pesado da Estrada Uni\u00e3o e Ind\u00fastria, com a qual faz paralelo e que concentra grande parte do fluxo urbano do distrito.<\/p>\n\n\n\n<p>\u201cO que temos hoje s\u00e3o tr\u00eas rodovias que cumprem pap\u00e9is complementares, mas que n\u00e3o conversam entre si de maneira eficiente. Nossa proposta \u00e9 que seja constru\u00eddo um plano \u00fanico de mobilidade que facilite essas conex\u00f5es e garanta uma manuten\u00e7\u00e3o coordenada, priorizando a seguran\u00e7a e a fluidez do tr\u00e2nsito,\u201d explica Alexandre Plantz, presidente da Unita.<\/p>\n\n\n\n<p>A Estrada Uni\u00e3o e Ind\u00fastria, paralela \u00e0 BR-040, absorve boa parte do tr\u00e1fego urbano e \u00e9 cen\u00e1rio de problemas recorrentes, como congestionamentos e falta de infraestrutura para pedestres. Enquanto isso, a BR-040 \u00e9 frequentemente usada como rota de escape, especialmente por carros de passeio, aliviando o fluxo na via principal, mas carece de conex\u00f5es eficientes.<\/p>\n\n\n\n<p>\u201c\u00c9 preciso olhar para essas rodovias como um sistema \u00fanico. N\u00e3o adianta modernizar uma enquanto as outras ficam em segundo plano. Queremos rodovias bem integradas, com sinaliza\u00e7\u00e3o adequada, manuten\u00e7\u00e3o constante e planejamento que considere o crescimento de Itaipava,\u201d destaca Fabr\u00edcio Santos, secret\u00e1rio da entidade.<\/p>\n\n\n\n<p>Entre as demandas apresentadas pela Unita est\u00e3o melhorias na sinaliza\u00e7\u00e3o das rodovias, constru\u00e7\u00e3o de acessos que conectem as tr\u00eas vias de forma eficiente, al\u00e9m de medidas de seguran\u00e7a como mais ilumina\u00e7\u00e3o e fiscaliza\u00e7\u00e3o. A entidade tamb\u00e9m prop\u00f5e a cria\u00e7\u00e3o de um calend\u00e1rio integrado de manuten\u00e7\u00e3o, evitando interrup\u00e7\u00f5es simult\u00e2neas que impactem a rotina dos moradores e turistas.<\/p>\n\n\n\n<p>\u201cA mobilidade \u00e9 a espinha dorsal de Itaipava. Com um plano bem estruturado, essas tr\u00eas rodovias podem se tornar um exemplo de infraestrutura moderna e funcional, impulsionando o turismo e a qualidade de vida,\u201d conclui Plantz.<\/p>\n\n\n\n<p>A Unita refor\u00e7a que, com o crescimento constante do distrito, um planejamento conjunto das tr\u00eas rodovias n\u00e3o \u00e9 apenas necess\u00e1rio, mas urgente. A associa\u00e7\u00e3o espera que as autoridades federais e municipais reconhe\u00e7am essa prioridade e avancem na cria\u00e7\u00e3o de solu\u00e7\u00f5es concretas para o tr\u00e2nsito e a mobilidade da regi\u00e3o.<\/p>\n","protected":false},"excerpt":{"rendered":"<p>Unita defende plano que considere as estradas como rede vi\u00e1ria combinada Itaipava \u00e9 cruzada por<\/p>\n","protected":false},"author":2,"featured_media":98871,"comment_status":"open","ping_status":"open","sticky":false,"template":"","format":"standard","meta":{"footnotes":""},"categories":[12],"tags":[],"class_list":["post-98870","post","type-post","status-publish","format-standard","has-post-thumbnail","hentry","category-cidade"],"_links":{"self":[{"href":"https:\/\/tvc16.com\/portal\/wp-json\/wp\/v2\/posts\/98870","targetHints":{"allow":["GET"]}}],"collection":[{"href":"https:\/\/tvc16.com\/portal\/wp-json\/wp\/v2\/posts"}],"about":[{"href":"https:\/\/tvc16.com\/portal\/wp-json\/wp\/v2\/types\/post"}],"author":[{"embeddable":true,"href":"https:\/\/tvc16.com\/portal\/wp-json\/wp\/v2\/users\/2"}],"replies":[{"embeddable":true,"href":"https:\/\/tvc16.com\/portal\/wp-json\/wp\/v2\/comments?post=98870"}],"version-history":[{"count":1,"href":"https:\/\/tvc16.com\/portal\/wp-json\/wp\/v2\/posts\/98870\/revisions"}],"predecessor-version":[{"id":98872,"href":"https:\/\/tvc16.com\/portal\/wp-json\/wp\/v2\/posts\/98870\/revisions\/98872"}],"wp:featuredmedia":[{"embeddable":true,"href":"https:\/\/tvc16.com\/portal\/wp-json\/wp\/v2\/media\/98871"}],"wp:attachment":[{"href":"https:\/\/tvc16.com\/portal\/wp-json\/wp\/v2\/media?parent=98870"}],"wp:term":[{"taxonomy":"category","embeddable":true,"href":"https:\/\/tvc16.com\/portal\/wp-json\/wp\/v2\/categories?post=98870"},{"taxonomy":"post_tag","embeddable":true,"href":"https:\/\/tvc16.com\/portal\/wp-json\/wp\/v2\/tags?post=98870"}],"curies":[{"name":"wp","href":"https:\/\/api.w.org\/{rel}","templated":true}]}}