{"id":98873,"date":"2025-02-10T09:11:04","date_gmt":"2025-02-10T12:11:04","guid":{"rendered":"https:\/\/tvc16.com\/portal\/?p=98873"},"modified":"2025-02-10T09:11:06","modified_gmt":"2025-02-10T12:11:06","slug":"prefeitura-de-petropolis-em-fiscalizacao-integrada-apreende-12-motos-e-multa-tres-carros-durante-operacao-na-madrugada","status":"publish","type":"post","link":"https:\/\/tvc16.com\/portal\/2025\/02\/10\/prefeitura-de-petropolis-em-fiscalizacao-integrada-apreende-12-motos-e-multa-tres-carros-durante-operacao-na-madrugada\/","title":{"rendered":"Prefeitura de Petr\u00f3polis, em fiscaliza\u00e7\u00e3o integrada, apreende 12 motos e multa tr\u00eas carros durante opera\u00e7\u00e3o na madrugada"},"content":{"rendered":"\n<p>A\u00e7\u00f5es de seguran\u00e7a resultam em apreens\u00f5es e deten\u00e7\u00f5es ao longo da semana<\/p>\n\n\n\n<p>Uma opera\u00e7\u00e3o realizada na madrugada de s\u00e1bado (08.02) resultou na apreens\u00e3o de 12 motocicletas e na aplica\u00e7\u00e3o de multas a tr\u00eas carros. Os ve\u00edculos foram conduzidos ao dep\u00f3sito da CPTrans, localizado no bairro Morin. A a\u00e7\u00e3o contou com a participa\u00e7\u00e3o da Secretaria de Servi\u00e7os, Seguran\u00e7a e Ordem P\u00fablica (SSOP), Guarda Civil, Pol\u00edcia Militar, Pol\u00edcia Civil e CPTrans.<\/p>\n\n\n\n<p>&#8220;Sabemos que muitos moradores enfrentam transtornos di\u00e1rios com motos em alta velocidade e ve\u00edculos irregulares. Essas fiscaliza\u00e7\u00f5es s\u00e3o essenciais para garantir a ordem e reduzir acidentes. Estamos refor\u00e7ando a presen\u00e7a nas ruas para que todos possam transitar com mais tranquilidade\u201d, afirmou o prefeito Hingo Hammes, que destacou a import\u00e2ncia da opera\u00e7\u00e3o e o impacto positivo para a seguran\u00e7a da popula\u00e7\u00e3o.<\/p>\n\n\n\n<p>O secret\u00e1rio da SSOP, Marcelo Chit\u00e3o, ressaltou a integra\u00e7\u00e3o entre as for\u00e7as de seguran\u00e7a e o compromisso com a ordem p\u00fablica. \u201cEssas iniciativas s\u00e3o fundamentais para garantir mais seguran\u00e7a para a popula\u00e7\u00e3o. A parceria entre os \u00f3rg\u00e3os permite uma resposta mais r\u00e1pida e eficaz\u201d, disse.<\/p>\n\n\n\n<p>Outras ocorr\u00eancias registradas pela Guarda Civil ao longo da semana<\/p>\n\n\n\n<p>Durante a semana, a Guarda Civil atendeu a diferentes ocorr\u00eancias. No terminal rodovi\u00e1rio do Centro, uma mulher acionou a equipe para auxiliar outra mulher que estava sendo assediada. No local, foi constatado o ass\u00e9dio por um indiv\u00edduo que alisava a perna da v\u00edtima. O homem recebeu voz de pris\u00e3o e foi encaminhado \u00e0 105\u00aa DP, onde permaneceu detido.<\/p>\n\n\n\n<p>Outra a\u00e7\u00e3o envolveu o recolhimento de um cavalo que estava solto nas ruas. O animal foi avistado na Rua Santos Dumont e identificado como proveniente do bairro Carangola. A equipe realizou o resgate e encaminhou o cavalo ao curral da Cobea. A Guarda Civil \u00e9 respons\u00e1vel pela apreens\u00e3o e guarda do animal.<\/p>\n\n\n\n<p>Ainda no terminal rodovi\u00e1rio do Centro, uma mulher foi detida por tr\u00e1fico de drogas. A suspeita comercializava pedras de crack quando foi abordada pela Guarda Civil, com o aux\u00edlio de um dos c\u00e3es do Canil da corpora\u00e7\u00e3o. A mulher foi conduzida \u00e0 105\u00aa DP, onde permaneceu sob cust\u00f3dia da Pol\u00edcia Civil.<\/p>\n","protected":false},"excerpt":{"rendered":"<p>A\u00e7\u00f5es de seguran\u00e7a resultam em apreens\u00f5es e deten\u00e7\u00f5es ao longo da semana Uma opera\u00e7\u00e3o realizada<\/p>\n","protected":false},"author":2,"featured_media":98874,"comment_status":"open","ping_status":"open","sticky":false,"template":"","format":"standard","meta":{"footnotes":""},"categories":[12],"tags":[],"class_list":["post-98873","post","type-post","status-publish","format-standard","has-post-thumbnail","hentry","category-cidade"],"_links":{"self":[{"href":"https:\/\/tvc16.com\/portal\/wp-json\/wp\/v2\/posts\/98873","targetHints":{"allow":["GET"]}}],"collection":[{"href":"https:\/\/tvc16.com\/portal\/wp-json\/wp\/v2\/posts"}],"about":[{"href":"https:\/\/tvc16.com\/portal\/wp-json\/wp\/v2\/types\/post"}],"author":[{"embeddable":true,"href":"https:\/\/tvc16.com\/portal\/wp-json\/wp\/v2\/users\/2"}],"replies":[{"embeddable":true,"href":"https:\/\/tvc16.com\/portal\/wp-json\/wp\/v2\/comments?post=98873"}],"version-history":[{"count":1,"href":"https:\/\/tvc16.com\/portal\/wp-json\/wp\/v2\/posts\/98873\/revisions"}],"predecessor-version":[{"id":98875,"href":"https:\/\/tvc16.com\/portal\/wp-json\/wp\/v2\/posts\/98873\/revisions\/98875"}],"wp:featuredmedia":[{"embeddable":true,"href":"https:\/\/tvc16.com\/portal\/wp-json\/wp\/v2\/media\/98874"}],"wp:attachment":[{"href":"https:\/\/tvc16.com\/portal\/wp-json\/wp\/v2\/media?parent=98873"}],"wp:term":[{"taxonomy":"category","embeddable":true,"href":"https:\/\/tvc16.com\/portal\/wp-json\/wp\/v2\/categories?post=98873"},{"taxonomy":"post_tag","embeddable":true,"href":"https:\/\/tvc16.com\/portal\/wp-json\/wp\/v2\/tags?post=98873"}],"curies":[{"name":"wp","href":"https:\/\/api.w.org\/{rel}","templated":true}]}}