{"id":98876,"date":"2025-02-10T09:16:13","date_gmt":"2025-02-10T12:16:13","guid":{"rendered":"https:\/\/tvc16.com\/portal\/?p=98876"},"modified":"2025-02-10T09:16:17","modified_gmt":"2025-02-10T12:16:17","slug":"petropolis-e-aprovada-como-primeira-suplente-no-subcomite-da-baia-de-guanabara","status":"publish","type":"post","link":"https:\/\/tvc16.com\/portal\/2025\/02\/10\/petropolis-e-aprovada-como-primeira-suplente-no-subcomite-da-baia-de-guanabara\/","title":{"rendered":"Petr\u00f3polis \u00e9 aprovada como primeira suplente no Subcomit\u00ea da Ba\u00eda de Guanabara"},"content":{"rendered":"\n<p>O munic\u00edpio foi aprovado como primeiro suplente no Subcomit\u00ea do Trecho Oeste da Ba\u00eda de Guanabara, integrado ao Comit\u00ea da Regi\u00e3o Hidrogr\u00e1fica da Ba\u00eda de Guanabara e dos sistemas lagunares de Maric\u00e1 e Jacarepagu\u00e1. A aprova\u00e7\u00e3o aconteceu durante reuni\u00e3o da Comiss\u00e3o Eleitoral do Subcomit\u00ea, que homologou os novos membros, incluindo a Prefeitura de Petr\u00f3polis, que agora estar\u00e1 representada como suplente da Secretaria Municipal de Meio Ambiente e Clima (SMAC) da Prefeitura do Rio de Janeiro.<\/p>\n\n\n\n<p>O prefeito Hingo Hammes destacou a import\u00e2ncia da aprova\u00e7\u00e3o para o munic\u00edpio. \u201cEssa conquista \u00e9 um marco para o avan\u00e7o das nossas a\u00e7\u00f5es ambientais. Estarmos como suplente neste comit\u00ea fortalece a nossa presen\u00e7a nas discuss\u00f5es sobre a prote\u00e7\u00e3o ambiental, especialmente da Ba\u00eda de Guanabara, um patrim\u00f4nio natural da nossa regi\u00e3o\u201d, disse.<\/p>\n\n\n\n<p>A aprova\u00e7\u00e3o \u00e9 uma vit\u00f3ria para Petr\u00f3polis, segundo ressaltou o vice-prefeito e secret\u00e1rio de Meio Ambiente, Albano Filho, o Baninho. \u201cAgora, temos mais visibilidade para contribuir de maneira efetiva nas decis\u00f5es sobre o meio ambiente e colaborar com os munic\u00edpios vizinhos na preserva\u00e7\u00e3o da Ba\u00eda de Guanabara e de seus sistemas lagunares\u201d, destacou.<\/p>\n\n\n\n<p>Na reuni\u00e3o, Petr\u00f3polis esteve representada pela diretora do Departamento de Licenciamento Ambiental da Secretaria Municipal de Meio Ambiente, Juliana Barreto. Ela afirmou que a participa\u00e7\u00e3o do munic\u00edpio \u00e9 uma oportunidade de fortalecer pol\u00edticas ambientais integradas. \u201cEstamos empolgados com essa aprova\u00e7\u00e3o e comprometidos em trabalhar em conjunto com as cidades da regi\u00e3o em prol da preserva\u00e7\u00e3o ambiental\u201d.<\/p>\n","protected":false},"excerpt":{"rendered":"<p>O munic\u00edpio foi aprovado como primeiro suplente no Subcomit\u00ea do Trecho Oeste da Ba\u00eda de<\/p>\n","protected":false},"author":2,"featured_media":91581,"comment_status":"open","ping_status":"open","sticky":false,"template":"","format":"standard","meta":{"footnotes":""},"categories":[12],"tags":[],"class_list":["post-98876","post","type-post","status-publish","format-standard","has-post-thumbnail","hentry","category-cidade"],"_links":{"self":[{"href":"https:\/\/tvc16.com\/portal\/wp-json\/wp\/v2\/posts\/98876","targetHints":{"allow":["GET"]}}],"collection":[{"href":"https:\/\/tvc16.com\/portal\/wp-json\/wp\/v2\/posts"}],"about":[{"href":"https:\/\/tvc16.com\/portal\/wp-json\/wp\/v2\/types\/post"}],"author":[{"embeddable":true,"href":"https:\/\/tvc16.com\/portal\/wp-json\/wp\/v2\/users\/2"}],"replies":[{"embeddable":true,"href":"https:\/\/tvc16.com\/portal\/wp-json\/wp\/v2\/comments?post=98876"}],"version-history":[{"count":1,"href":"https:\/\/tvc16.com\/portal\/wp-json\/wp\/v2\/posts\/98876\/revisions"}],"predecessor-version":[{"id":98877,"href":"https:\/\/tvc16.com\/portal\/wp-json\/wp\/v2\/posts\/98876\/revisions\/98877"}],"wp:featuredmedia":[{"embeddable":true,"href":"https:\/\/tvc16.com\/portal\/wp-json\/wp\/v2\/media\/91581"}],"wp:attachment":[{"href":"https:\/\/tvc16.com\/portal\/wp-json\/wp\/v2\/media?parent=98876"}],"wp:term":[{"taxonomy":"category","embeddable":true,"href":"https:\/\/tvc16.com\/portal\/wp-json\/wp\/v2\/categories?post=98876"},{"taxonomy":"post_tag","embeddable":true,"href":"https:\/\/tvc16.com\/portal\/wp-json\/wp\/v2\/tags?post=98876"}],"curies":[{"name":"wp","href":"https:\/\/api.w.org\/{rel}","templated":true}]}}