{"id":98878,"date":"2025-02-10T05:00:00","date_gmt":"2025-02-10T08:00:00","guid":{"rendered":"https:\/\/tvc16.com\/portal\/?p=98878"},"modified":"2025-02-10T09:19:15","modified_gmt":"2025-02-10T12:19:15","slug":"semana-nacional-de-prevencao-da-gravidez-na-adolescencia-e-comemorada-com-novo-contraceptivo-para-mulheres-de-petropolis-2","status":"publish","type":"post","link":"https:\/\/tvc16.com\/portal\/2025\/02\/10\/semana-nacional-de-prevencao-da-gravidez-na-adolescencia-e-comemorada-com-novo-contraceptivo-para-mulheres-de-petropolis-2\/","title":{"rendered":"Semana Nacional de Preven\u00e7\u00e3o da Gravidez na Adolesc\u00eancia \u00e9 comemorada com novo contraceptivo para mulheres de Petr\u00f3polis"},"content":{"rendered":"\n<p><em>O novo m\u00e9todo tem alta efic\u00e1cia e pode ser interrompido a qualquer momento<\/em><\/p>\n\n\n\n<p>A Prefeitura de Petr\u00f3polis, por meio da Secretaria Municipal de Sa\u00fade, iniciou durante a Semana Nacional de Preven\u00e7\u00e3o da Gravidez na Adolesc\u00eancia a capacita\u00e7\u00e3o para um dos m\u00e9todos contraceptivos mais modernos para as mulheres. O Implanon, um implante subd\u00e9rmico de etonogestrel, ser\u00e1 disponibilizado gratuitamente ainda neste m\u00eas de fevereiro a adolescentes e mulheres em situa\u00e7\u00e3o de vulnerabilidade social.<\/p>\n\n\n\n<p>O treinamento dos profissionais de sa\u00fade come\u00e7ou no fim de janeiro. Inicialmente, o Implanon estar\u00e1 dispon\u00edvel no Centro de Sa\u00fade Coletiva e na Unidade B\u00e1sica de Sa\u00fade (UBS) de Itaipava, como parte do programa de planejamento familiar da Secretaria de Sa\u00fade.<\/p>\n\n\n\n<p>O programa visa ampliar as possibilidades de planejamento familiar e promover mais autonomia para as mulheres. &#8220;Esta a\u00e7\u00e3o reflete o nosso compromisso com a sa\u00fade das mulheres e com a redu\u00e7\u00e3o das desigualdades em Petr\u00f3polis&#8221;, afirmou o prefeito Hingo Hammes. &#8220;Queremos garantir que todas tenham acesso a m\u00e9todos contraceptivos modernos e eficazes, ampliando as possibilidades de planejamento familiar e promovendo mais autonomia sobre suas escolhas\u201d.<\/p>\n\n\n\n<p>Na \u00faltima d\u00e9cada, o munic\u00edpio de Petr\u00f3polis registrou uma redu\u00e7\u00e3o de 57,66% de adolescentes gr\u00e1vidas. Os n\u00fameros ca\u00edram de 600 (2014) para 254 (2023).<\/p>\n\n\n\n<p>O Implanon \u00e9 um bastonete flex\u00edvel de 4 cm, inserido sob a pele do bra\u00e7o, que libera horm\u00f4nio de forma cont\u00ednua, prevenindo a ovula\u00e7\u00e3o e dificultando a entrada dos espermatozoides. Com uma taxa de falha de apenas 0,05%, o m\u00e9todo tem alta efic\u00e1cia e pode ser interrompido a qualquer momento, tornando-o uma op\u00e7\u00e3o segura e revers\u00edvel para as mulheres.<\/p>\n\n\n\n<p>O secret\u00e1rio de Sa\u00fade, Luis Cruzick, tamb\u00e9m refor\u00e7ou a relev\u00e2ncia da a\u00e7\u00e3o. \u201cA introdu\u00e7\u00e3o do Implanon no SUS \u00e9 mais um passo importante para garantir um cuidado integral e humanizado \u00e0s fam\u00edlias da nossa cidade. A oferta deste m\u00e9todo contraceptivo visa proporcionar mais qualidade de vida, ao permitir que as mulheres e adolescentes tomem decis\u00f5es mais conscientes sobre seu planejamento familiar\u201d, explicou o secret\u00e1rio.<\/p>\n\n\n\n<p>&#8220;Conseguir ter acesso ao Implanon \u00e9 uma grande conquista, porque agora \u00e9 uma certeza de preven\u00e7\u00e3o e, pra mim, ser\u00e1 um al\u00edvio. Eu sou m\u00e3e de tr\u00eas filhos e n\u00e3o quero mais engravidar. Ent\u00e3o, saber que estou bem protegida, sem precisar me preocupar o tempo todo, me d\u00e1 uma tranquilidade enorme&#8221;, disse Ana Carolina Raimundo Viana Batista, paciente do Centro de Sa\u00fade.<\/p>\n\n\n\n<p>A Secretaria de Sa\u00fade j\u00e1 recebeu uma remessa do contraceptivo, e os implantes come\u00e7am a ser disponibilizados ainda na primeira quinzena de fevereiro. As equipes de sa\u00fade passam por capacita\u00e7\u00e3o especializada para garantir a correta aplica\u00e7\u00e3o do Implanon.<\/p>\n\n\n\n<p>Crit\u00e9rios para a Aplica\u00e7\u00e3o do Implanon<\/p>\n\n\n\n<p>O projeto, que integra o planejamento familiar, \u00e9 fruto de uma iniciativa da \u00c1rea T\u00e9cnica de Sa\u00fade da Crian\u00e7a e do Adolescente. Os crit\u00e9rios para a aplica\u00e7\u00e3o do Implanon s\u00e3o os seguintes:<br>Mulheres em risco social:<br>\u2022\u2060 \u2060Situa\u00e7\u00e3o de rua e dependentes de subst\u00e2ncias psicoativas.<br>\u2022\u2060 \u2060Outros tipos de risco social, que dever\u00e3o ser discutidos com as \u00c1reas T\u00e9cnicas de Sa\u00fade, como viol\u00eancia, mulheres que vivem com HIV, situa\u00e7\u00e3o de extrema vulnerabilidade social, mulheres com transtornos mentais graves e severos (que fazem acompanhamento na sa\u00fade mental, comprovadamente), contraindica\u00e7\u00e3o absoluta a outros m\u00e9todos contraceptivos, entre outros.<\/p>\n\n\n\n<p>Adolescentes com idade entre 14 e 17 anos, 11 meses e 29 dias, em situa\u00e7\u00e3o de alta vulnerabilidade<\/p>\n\n\n\n<p>\u2022\u2060 \u2060Mulheres que realizaram a inser\u00e7\u00e3o e necessitam da troca, em qualquer faixa et\u00e1ria, mantendo o desejo pelo m\u00e9todo e sem contraindica\u00e7\u00e3o.<\/p>\n","protected":false},"excerpt":{"rendered":"<p>O novo m\u00e9todo tem alta efic\u00e1cia e pode ser interrompido a qualquer momento A Prefeitura<\/p>\n","protected":false},"author":2,"featured_media":98879,"comment_status":"open","ping_status":"open","sticky":false,"template":"","format":"standard","meta":{"footnotes":""},"categories":[12],"tags":[],"class_list":["post-98878","post","type-post","status-publish","format-standard","has-post-thumbnail","hentry","category-cidade"],"_links":{"self":[{"href":"https:\/\/tvc16.com\/portal\/wp-json\/wp\/v2\/posts\/98878","targetHints":{"allow":["GET"]}}],"collection":[{"href":"https:\/\/tvc16.com\/portal\/wp-json\/wp\/v2\/posts"}],"about":[{"href":"https:\/\/tvc16.com\/portal\/wp-json\/wp\/v2\/types\/post"}],"author":[{"embeddable":true,"href":"https:\/\/tvc16.com\/portal\/wp-json\/wp\/v2\/users\/2"}],"replies":[{"embeddable":true,"href":"https:\/\/tvc16.com\/portal\/wp-json\/wp\/v2\/comments?post=98878"}],"version-history":[{"count":1,"href":"https:\/\/tvc16.com\/portal\/wp-json\/wp\/v2\/posts\/98878\/revisions"}],"predecessor-version":[{"id":98880,"href":"https:\/\/tvc16.com\/portal\/wp-json\/wp\/v2\/posts\/98878\/revisions\/98880"}],"wp:featuredmedia":[{"embeddable":true,"href":"https:\/\/tvc16.com\/portal\/wp-json\/wp\/v2\/media\/98879"}],"wp:attachment":[{"href":"https:\/\/tvc16.com\/portal\/wp-json\/wp\/v2\/media?parent=98878"}],"wp:term":[{"taxonomy":"category","embeddable":true,"href":"https:\/\/tvc16.com\/portal\/wp-json\/wp\/v2\/categories?post=98878"},{"taxonomy":"post_tag","embeddable":true,"href":"https:\/\/tvc16.com\/portal\/wp-json\/wp\/v2\/tags?post=98878"}],"curies":[{"name":"wp","href":"https:\/\/api.w.org\/{rel}","templated":true}]}}