{"id":98885,"date":"2025-02-11T05:00:00","date_gmt":"2025-02-11T08:00:00","guid":{"rendered":"https:\/\/tvc16.com\/portal\/?p=98885"},"modified":"2025-02-10T14:22:20","modified_gmt":"2025-02-10T17:22:20","slug":"prefeitura-capacita-estudantes-da-unifase-no-projeto-comunidade-que-cuida-da-vida","status":"publish","type":"post","link":"https:\/\/tvc16.com\/portal\/2025\/02\/11\/prefeitura-capacita-estudantes-da-unifase-no-projeto-comunidade-que-cuida-da-vida\/","title":{"rendered":"Prefeitura capacita estudantes da Unifase no projeto \u2018Comunidade que Cuida da Vida\u2019"},"content":{"rendered":"\n<p>Com o objetivo de capacitar profissionais de sa\u00fade e estudantes do projeto de extens\u00e3o &#8220;Comunidade que Cuida da Vida&#8221;, a Prefeitura, por meio da Defesa Civil, realizou na \u00faltima sexta-feira (7) uma capacita\u00e7\u00e3o para estudantes dos cursos de Enfermagem e Medicina da Unifase-FMP. Essa a\u00e7\u00e3o marca a conclus\u00e3o de mais uma etapa do projeto, que visa aprimorar a intersetorialidade entre a Aten\u00e7\u00e3o Prim\u00e1ria \u00e0 Sa\u00fade e a Defesa Civil com foco na redu\u00e7\u00e3o de riscos e desastres.<\/p>\n\n\n\n<p>\u201cEssas capacita\u00e7\u00f5es oferecem ferramentas essenciais para a integra\u00e7\u00e3o entre a Defesa Civil, a Unifase, a Secretaria de Sa\u00fade e demais parceiros; fortalecendo o v\u00ednculo com as comunidades. A iniciativa est\u00e1 alinhada aos objetivos da gest\u00e3o, que busca qualificar a\u00e7\u00f5es de preven\u00e7\u00e3o e prepara\u00e7\u00e3o, al\u00e9m de tra\u00e7ar estrat\u00e9gias espec\u00edficas para cada comunidade conforme seus perfis mapeados\u201d, destacou o prefeito Hingo Hammes.<\/p>\n\n\n\n<p>Entre as a\u00e7\u00f5es do projeto est\u00e3o a atualiza\u00e7\u00e3o do Mapeamento Participativo de Rotas de Fuga, a capacita\u00e7\u00e3o de profissionais de sa\u00fade para o uso de ferramentas de geoprocessamento, o mapeamento das vulnerabilidades e condi\u00e7\u00f5es espec\u00edficas dos moradores da Estrada da Saudade, o engajamento de jovens na resposta \u00e0s mudan\u00e7as clim\u00e1ticas e a capacita\u00e7\u00e3o de profissionais da Educa\u00e7\u00e3o para atuarem nos pontos de apoio, considerando as particularidades do territ\u00f3rio. Al\u00e9m disso, o projeto busca promover maior fluidez na troca de informa\u00e7\u00f5es relevantes para a redu\u00e7\u00e3o de riscos de desastres, fortalecendo a rela\u00e7\u00e3o entre agentes comunit\u00e1rios de sa\u00fade, Nudescs, postos de Sa\u00fade da Fam\u00edlia, escolas e a pr\u00f3pria comunidade.<\/p>\n\n\n\n<p>\u201cEssa aproxima\u00e7\u00e3o \u00e9 fundamental para a atua\u00e7\u00e3o em eventuais momentos de crise. Com ela, a identifica\u00e7\u00e3o de moradores em situa\u00e7\u00e3o de vulnerabilidade, como pessoas com defici\u00eancia, idosos ou neuroat\u00edpicos, ser\u00e1 facilitada, garantindo mais agilidade no socorro e na tomada de decis\u00f5es\u201d, ressaltou o secret\u00e1rio de Prote\u00e7\u00e3o e Defesa Civil, Guilherme Moraes.<\/p>\n","protected":false},"excerpt":{"rendered":"<p>Com o objetivo de capacitar profissionais de sa\u00fade e estudantes do projeto de extens\u00e3o &#8220;Comunidade<\/p>\n","protected":false},"author":2,"featured_media":98886,"comment_status":"open","ping_status":"open","sticky":false,"template":"","format":"standard","meta":{"footnotes":""},"categories":[12],"tags":[],"class_list":["post-98885","post","type-post","status-publish","format-standard","has-post-thumbnail","hentry","category-cidade"],"_links":{"self":[{"href":"https:\/\/tvc16.com\/portal\/wp-json\/wp\/v2\/posts\/98885","targetHints":{"allow":["GET"]}}],"collection":[{"href":"https:\/\/tvc16.com\/portal\/wp-json\/wp\/v2\/posts"}],"about":[{"href":"https:\/\/tvc16.com\/portal\/wp-json\/wp\/v2\/types\/post"}],"author":[{"embeddable":true,"href":"https:\/\/tvc16.com\/portal\/wp-json\/wp\/v2\/users\/2"}],"replies":[{"embeddable":true,"href":"https:\/\/tvc16.com\/portal\/wp-json\/wp\/v2\/comments?post=98885"}],"version-history":[{"count":2,"href":"https:\/\/tvc16.com\/portal\/wp-json\/wp\/v2\/posts\/98885\/revisions"}],"predecessor-version":[{"id":98908,"href":"https:\/\/tvc16.com\/portal\/wp-json\/wp\/v2\/posts\/98885\/revisions\/98908"}],"wp:featuredmedia":[{"embeddable":true,"href":"https:\/\/tvc16.com\/portal\/wp-json\/wp\/v2\/media\/98886"}],"wp:attachment":[{"href":"https:\/\/tvc16.com\/portal\/wp-json\/wp\/v2\/media?parent=98885"}],"wp:term":[{"taxonomy":"category","embeddable":true,"href":"https:\/\/tvc16.com\/portal\/wp-json\/wp\/v2\/categories?post=98885"},{"taxonomy":"post_tag","embeddable":true,"href":"https:\/\/tvc16.com\/portal\/wp-json\/wp\/v2\/tags?post=98885"}],"curies":[{"name":"wp","href":"https:\/\/api.w.org\/{rel}","templated":true}]}}