{"id":9889,"date":"2021-01-25T22:45:00","date_gmt":"2021-01-26T01:45:00","guid":{"rendered":"https:\/\/tvc16.com\/portal\/?p=9889"},"modified":"2021-01-25T22:45:04","modified_gmt":"2021-01-26T01:45:04","slug":"guarda-civil-municipal-de-petropolis-tem-novo-superintendente","status":"publish","type":"post","link":"https:\/\/tvc16.com\/portal\/2021\/01\/25\/guarda-civil-municipal-de-petropolis-tem-novo-superintendente\/","title":{"rendered":"Guarda Civil Municipal de Petr\u00f3polis, tem novo superintendente"},"content":{"rendered":"\n<p><em>Jos\u00e9 Augusto Carvalho \u00e9 o novo Superintendente Geral da Guarda Civil<\/em><\/p>\n\n\n\n<p>Jos\u00e9 Augusto Carvalho, de 53 anos, \u00e9 o novo Superintendente Geral da Guarda Civil. O cargo \u00e9 equivalente ao comando da corpora\u00e7\u00e3o. Ele foi supervisor do Proppaz, al\u00e9m de ter atuado no Grupamento de Prote\u00e7\u00e3o Ambiental (GPA), na 2\u00aa&nbsp;Inspetoria, em Itaipava, e nas equipes de tr\u00e2nsito. Jos\u00e9 Augusto est\u00e1 na Guarda h\u00e1 28 anos. J\u00e1 o Superintendente Adjunto ser\u00e1 Edgar Theobald de Oliveira, de 37 anos, que est\u00e1 h\u00e1 13 na corpora\u00e7\u00e3o. Bacharel em Direito pela UCP, ele foi chefe das se\u00e7\u00f5es de Opera\u00e7\u00e3o e de Ouvidoria e da 2\u00aa&nbsp;Inspetoria&nbsp;em Itaipava.<\/p>\n","protected":false},"excerpt":{"rendered":"<p>Jos\u00e9 Augusto Carvalho \u00e9 o novo Superintendente Geral da Guarda Civil Jos\u00e9 Augusto Carvalho, de<\/p>\n","protected":false},"author":2,"featured_media":9890,"comment_status":"open","ping_status":"open","sticky":false,"template":"","format":"standard","meta":{"footnotes":""},"categories":[12],"tags":[],"class_list":["post-9889","post","type-post","status-publish","format-standard","has-post-thumbnail","hentry","category-cidade"],"_links":{"self":[{"href":"https:\/\/tvc16.com\/portal\/wp-json\/wp\/v2\/posts\/9889","targetHints":{"allow":["GET"]}}],"collection":[{"href":"https:\/\/tvc16.com\/portal\/wp-json\/wp\/v2\/posts"}],"about":[{"href":"https:\/\/tvc16.com\/portal\/wp-json\/wp\/v2\/types\/post"}],"author":[{"embeddable":true,"href":"https:\/\/tvc16.com\/portal\/wp-json\/wp\/v2\/users\/2"}],"replies":[{"embeddable":true,"href":"https:\/\/tvc16.com\/portal\/wp-json\/wp\/v2\/comments?post=9889"}],"version-history":[{"count":1,"href":"https:\/\/tvc16.com\/portal\/wp-json\/wp\/v2\/posts\/9889\/revisions"}],"predecessor-version":[{"id":9891,"href":"https:\/\/tvc16.com\/portal\/wp-json\/wp\/v2\/posts\/9889\/revisions\/9891"}],"wp:featuredmedia":[{"embeddable":true,"href":"https:\/\/tvc16.com\/portal\/wp-json\/wp\/v2\/media\/9890"}],"wp:attachment":[{"href":"https:\/\/tvc16.com\/portal\/wp-json\/wp\/v2\/media?parent=9889"}],"wp:term":[{"taxonomy":"category","embeddable":true,"href":"https:\/\/tvc16.com\/portal\/wp-json\/wp\/v2\/categories?post=9889"},{"taxonomy":"post_tag","embeddable":true,"href":"https:\/\/tvc16.com\/portal\/wp-json\/wp\/v2\/tags?post=9889"}],"curies":[{"name":"wp","href":"https:\/\/api.w.org\/{rel}","templated":true}]}}