{"id":98890,"date":"2025-02-11T06:00:00","date_gmt":"2025-02-11T09:00:00","guid":{"rendered":"https:\/\/tvc16.com\/portal\/?p=98890"},"modified":"2025-02-10T10:49:32","modified_gmt":"2025-02-10T13:49:32","slug":"educacao-de-jovens-e-adultos-eja-inicia-novo-semestre-em-petropolis","status":"publish","type":"post","link":"https:\/\/tvc16.com\/portal\/2025\/02\/11\/educacao-de-jovens-e-adultos-eja-inicia-novo-semestre-em-petropolis\/","title":{"rendered":"Educa\u00e7\u00e3o de Jovens e Adultos (EJA) inicia novo semestre em Petr\u00f3polis"},"content":{"rendered":"\n<p>A volta \u00e0s aulas da Educa\u00e7\u00e3o de Jovens e Adultos (EJA) marca o in\u00edcio de um novo ciclo para centenas de estudantes em Petr\u00f3polis. O programa, voltado para quem n\u00e3o concluiu os estudos na idade regular, oferece uma oportunidade de retomada da escolariza\u00e7\u00e3o de forma acess\u00edvel e flex\u00edvel. Apenas pessoas com 15 anos completos podem ingressar na modalidade.<\/p>\n\n\n\n<p>Atualmente, 941 alunos est\u00e3o matriculados na modalidade, distribu\u00eddos em 13 unidades escolares da rede municipal. O ensino ocorre no turno da noite na maioria das unidades, com exce\u00e7\u00e3o de duas escolas que disponibilizam turmas no per\u00edodo da tarde. Nos distritos, o atendimento tamb\u00e9m est\u00e1 garantido, ampliando as possibilidades de acesso para diferentes regi\u00f5es da cidade.<\/p>\n\n\n\n<p>A EJA possibilita a conclus\u00e3o da educa\u00e7\u00e3o b\u00e1sica em um per\u00edodo reduzido. As fases iniciais correspondem ao 1\u00ba ao 5\u00ba ano do Ensino Fundamental, enquanto as fases finais abrangem do 6\u00ba ao 9\u00ba ano. Cada fase dura seis meses, com exce\u00e7\u00e3o das fases I, II e III. A estrutura do programa permite que os estudantes articulem seus conhecimentos pr\u00e9vios com o conte\u00fado escolar, promovendo um aprendizado contextualizado.<\/p>\n\n\n\n<p>O Minist\u00e9rio da Educa\u00e7\u00e3o estabelece que a EJA deve considerar a diversidade do p\u00fablico atendido, respeitando suas trajet\u00f3rias e experi\u00eancias. A flexibilidade \u00e9 um dos pilares dessa modalidade, permitindo que jovens e adultos possam conciliar os estudos com outras atividades di\u00e1rias.<\/p>\n\n\n\n<p>Para o prefeito de Petr\u00f3polis, Hingo Hammes, a educa\u00e7\u00e3o de jovens e adultos representa uma oportunidade essencial para aqueles que desejam transformar suas trajet\u00f3rias por meio do conhecimento.<\/p>\n\n\n\n<p>\u201cGarantir o acesso \u00e0 educa\u00e7\u00e3o \u00e9 um compromisso fundamental da gest\u00e3o municipal. A EJA possibilita que mais pessoas possam concluir sua forma\u00e7\u00e3o e ampliar suas perspectivas profissionais e pessoais\u201d, afirmou.<\/p>\n\n\n\n<p>O secret\u00e1rio de Educa\u00e7\u00e3o, Alexandre Gurgel, destacou a import\u00e2ncia do programa para a inclus\u00e3o educacional e social dos estudantes. \u201cA EJA oferece mais do que a escolariza\u00e7\u00e3o. Ela proporciona aos alunos a chance de resgatar sonhos, retomar projetos e se fortalecer para desafios futuros. O envolvimento das escolas e da equipe pedag\u00f3gica \u00e9 fundamental para garantir uma experi\u00eancia de aprendizagem significativa\u201d, declarou.<\/p>\n\n\n\n<p>A educa\u00e7\u00e3o como ferramenta de transforma\u00e7\u00e3o pessoal e profissional \u00e9 a ess\u00eancia do programa. Com a retomada das atividades, as unidades escolares refor\u00e7am o compromisso de oferecer um ensino adequado \u00e0s necessidades dos estudantes, valorizando suas hist\u00f3rias e potencializando suas habilidades.<\/p>\n\n\n\n<p>As matr\u00edculas para novas turmas seguem abertas, permitindo que mais pessoas tenham a oportunidade de ingressar no programa. Os interessados podem buscar informa\u00e7\u00f5es nas escolas municipais que oferecem a modalidade ou na Secretaria de Educa\u00e7\u00e3o, pelo telefone (24) 2246-8678.<\/p>\n\n\n\n<p>Lista das escolas que oferecem a Educa\u00e7\u00e3o de Jovens e Adultos (EJA) em Petr\u00f3polis, juntamente com os respectivos telefones:<\/p>\n\n\n\n<p>E.M. Bataillard \u2013 Mosela<br>Telefone: (24) 2248-7603<\/p>\n\n\n\n<p>E.M. Governador Marcello Alencar \u2013 Quitandinha<br>Telefone: (24) 2245-7780<\/p>\n\n\n\n<p>E.M. Rosemira de Oliveira Cavalcanti \u2013 Itamarati<br>Telefone: (24) 2231-6591<\/p>\n\n\n\n<p>E.M. Celina Schechner \u2013 Itaipava<br>Telefone: (24) 2232-0048<\/p>\n\n\n\n<p>E.M. Geraldo Ventura Dias \u2013 Alto da Serra<br>Telefone: (24) 2247-6112<\/p>\n\n\n\n<p>E.M. Prefeito Jamil Sabra \u2013 Centro<br>Telefone: (24) 2243-6429 \/ (24) 2245-8815<\/p>\n\n\n\n<p>Liceu Municipal Carlos Chagas Filho \u2013 Centro<br>Telefone: (24) 2242-1062<\/p>\n\n\n\n<p>E.M. Monsenhor Jo\u00e3o de Deus Rodrigues \u2013 Pedro do Rio<br>Telefone: (24) 2223-2857<\/p>\n\n\n\n<p>E.M. Professora Maria Campos da Silva \u2013 Centro<br>Telefone: (24) 2246-8649<\/p>\n\n\n\n<p>E.M.Z.D.A. Herc\u00edlia Henriques Moret \u2013 Corr\u00eaas<br>Telefone: (24) 2221-1922<\/p>\n\n\n\n<p>E.M.Z.D.A. Moys\u00e9s Furtado Bravo \u2013 Posse<br>Telefone: (24) 2259-1256<\/p>\n\n\n\n<p>E. Paroquial S\u00e3o Pedro de Alc\u00e2ntara \u2013 Centro<br>Telefone: (24) 2245-6599<\/p>\n\n\n\n<p>E. S\u00e3o Judas Tadeu \u2013 Mosela<br>Telefone: (24) 2231-6934<\/p>\n","protected":false},"excerpt":{"rendered":"<p>A volta \u00e0s aulas da Educa\u00e7\u00e3o de Jovens e Adultos (EJA) marca o in\u00edcio de<\/p>\n","protected":false},"author":2,"featured_media":59294,"comment_status":"open","ping_status":"open","sticky":false,"template":"","format":"standard","meta":{"footnotes":""},"categories":[12],"tags":[],"class_list":["post-98890","post","type-post","status-publish","format-standard","has-post-thumbnail","hentry","category-cidade"],"_links":{"self":[{"href":"https:\/\/tvc16.com\/portal\/wp-json\/wp\/v2\/posts\/98890","targetHints":{"allow":["GET"]}}],"collection":[{"href":"https:\/\/tvc16.com\/portal\/wp-json\/wp\/v2\/posts"}],"about":[{"href":"https:\/\/tvc16.com\/portal\/wp-json\/wp\/v2\/types\/post"}],"author":[{"embeddable":true,"href":"https:\/\/tvc16.com\/portal\/wp-json\/wp\/v2\/users\/2"}],"replies":[{"embeddable":true,"href":"https:\/\/tvc16.com\/portal\/wp-json\/wp\/v2\/comments?post=98890"}],"version-history":[{"count":1,"href":"https:\/\/tvc16.com\/portal\/wp-json\/wp\/v2\/posts\/98890\/revisions"}],"predecessor-version":[{"id":98891,"href":"https:\/\/tvc16.com\/portal\/wp-json\/wp\/v2\/posts\/98890\/revisions\/98891"}],"wp:featuredmedia":[{"embeddable":true,"href":"https:\/\/tvc16.com\/portal\/wp-json\/wp\/v2\/media\/59294"}],"wp:attachment":[{"href":"https:\/\/tvc16.com\/portal\/wp-json\/wp\/v2\/media?parent=98890"}],"wp:term":[{"taxonomy":"category","embeddable":true,"href":"https:\/\/tvc16.com\/portal\/wp-json\/wp\/v2\/categories?post=98890"},{"taxonomy":"post_tag","embeddable":true,"href":"https:\/\/tvc16.com\/portal\/wp-json\/wp\/v2\/tags?post=98890"}],"curies":[{"name":"wp","href":"https:\/\/api.w.org\/{rel}","templated":true}]}}