{"id":98892,"date":"2025-02-11T04:40:00","date_gmt":"2025-02-11T07:40:00","guid":{"rendered":"https:\/\/tvc16.com\/portal\/?p=98892"},"modified":"2025-02-10T14:03:53","modified_gmt":"2025-02-10T17:03:53","slug":"mulheres-do-neylor-participam-de-roda-de-conversa-sobre-empoderamento-feminino-e-sustentabilidade","status":"publish","type":"post","link":"https:\/\/tvc16.com\/portal\/2025\/02\/11\/mulheres-do-neylor-participam-de-roda-de-conversa-sobre-empoderamento-feminino-e-sustentabilidade\/","title":{"rendered":"Mulheres do Neylor participam de roda de conversa sobre empoderamento feminino e sustentabilidade"},"content":{"rendered":"\n<p>A comunidade do Neylor recebeu a primeira roda de conversa sobre autonomia financeira e manejo sustent\u00e1vel de recicl\u00e1veis. O encontro, promovido pela Prefeitura de Petr\u00f3polis, por meio da Companhia Municipal de Desenvolvimento de Petr\u00f3polis (Comdep) e da Secretaria de Direitos e Pol\u00edticas P\u00fablicas para as Mulheres, aconteceu na \u00faltima quinta-feira (06) e marcou um passo importante para a valoriza\u00e7\u00e3o e independ\u00eancia das mulheres da comunidade.<\/p>\n\n\n\n<p>A iniciativa refor\u00e7a que o desenvolvimento social e a sustentabilidade caminham juntos. \u201cEmpoderar mulheres \u00e9 dar condi\u00e7\u00f5es para que elas tenham autonomia e protagonismo em suas pr\u00f3prias vidas. Esse projeto une o cuidado com o meio ambiente e a gera\u00e7\u00e3o de renda, permitindo que essas mulheres tenham mais oportunidades e consigam mudar a realidade das suas comunidades\u201d, destacou o prefeito Hingo Hammes.<\/p>\n\n\n\n<p>Moradora do Neylor e empreendedora, Roberta Silva, de 46 anos, comemorou a retomada do projeto na comunidade. \u201cH\u00e1 dois anos come\u00e7amos um trabalho com as mulheres, mas, sem apoio, tivemos que parar. Agora, com esse suporte, podemos seguir em frente, ensinando a separa\u00e7\u00e3o do lixo e mostrando que, com os recicl\u00e1veis, \u00e9 poss\u00edvel gerar renda e transformar vidas. J\u00e1 arrecadamos dinheiro para comprar material escolar para m\u00e3es da comunidade, mas precisamos de estrutura para continuar. Esse acolhimento \u00e9 fundamental para que mais mulheres possam empreender e conquistar independ\u00eancia\u201d, afirmou.<\/p>\n\n\n\n<p>A presidente da Comdep, Fernanda Ferreira, ressaltou a import\u00e2ncia de dar visibilidade \u00e0s mulheres no setor da reciclagem. \u201cA coleta seletiva pode ser um grande instrumento de empoderamento feminino. Quando as mulheres t\u00eam conhecimento e acesso \u00e0s ferramentas certas, elas se tornam protagonistas da mudan\u00e7a, tanto no meio ambiente quanto em suas pr\u00f3prias vidas\u201d, disse.<\/p>\n\n\n\n<p>A secret\u00e1ria de Direitos e Pol\u00edticas P\u00fablicas para as Mulheres, Gilda Beatriz, refor\u00e7ou o compromisso da gest\u00e3o municipal com a capacita\u00e7\u00e3o e o fortalecimento das mulheres. \u201cQuando falamos de empoderamento, falamos sobre dar oportunidades reais para que as mulheres possam crescer e se desenvolver. Com essa iniciativa, queremos garantir que elas tenham suporte e enxerguem no empreendedorismo sustent\u00e1vel uma possibilidade concreta de autonomia e melhoria de vida\u201d, concluiu.<\/p>\n\n\n\n<p>A Prefeitura j\u00e1 planeja levar a a\u00e7\u00e3o para outras comunidades, promovendo capacita\u00e7\u00e3o, troca de experi\u00eancias e oportunidades para que mais mulheres se fortale\u00e7am e transformem a reciclagem em um caminho para a independ\u00eancia financeira.<\/p>\n","protected":false},"excerpt":{"rendered":"<p>A comunidade do Neylor recebeu a primeira roda de conversa sobre autonomia financeira e manejo<\/p>\n","protected":false},"author":2,"featured_media":98893,"comment_status":"open","ping_status":"open","sticky":false,"template":"","format":"standard","meta":{"footnotes":""},"categories":[12],"tags":[],"class_list":["post-98892","post","type-post","status-publish","format-standard","has-post-thumbnail","hentry","category-cidade"],"_links":{"self":[{"href":"https:\/\/tvc16.com\/portal\/wp-json\/wp\/v2\/posts\/98892","targetHints":{"allow":["GET"]}}],"collection":[{"href":"https:\/\/tvc16.com\/portal\/wp-json\/wp\/v2\/posts"}],"about":[{"href":"https:\/\/tvc16.com\/portal\/wp-json\/wp\/v2\/types\/post"}],"author":[{"embeddable":true,"href":"https:\/\/tvc16.com\/portal\/wp-json\/wp\/v2\/users\/2"}],"replies":[{"embeddable":true,"href":"https:\/\/tvc16.com\/portal\/wp-json\/wp\/v2\/comments?post=98892"}],"version-history":[{"count":2,"href":"https:\/\/tvc16.com\/portal\/wp-json\/wp\/v2\/posts\/98892\/revisions"}],"predecessor-version":[{"id":98907,"href":"https:\/\/tvc16.com\/portal\/wp-json\/wp\/v2\/posts\/98892\/revisions\/98907"}],"wp:featuredmedia":[{"embeddable":true,"href":"https:\/\/tvc16.com\/portal\/wp-json\/wp\/v2\/media\/98893"}],"wp:attachment":[{"href":"https:\/\/tvc16.com\/portal\/wp-json\/wp\/v2\/media?parent=98892"}],"wp:term":[{"taxonomy":"category","embeddable":true,"href":"https:\/\/tvc16.com\/portal\/wp-json\/wp\/v2\/categories?post=98892"},{"taxonomy":"post_tag","embeddable":true,"href":"https:\/\/tvc16.com\/portal\/wp-json\/wp\/v2\/tags?post=98892"}],"curies":[{"name":"wp","href":"https:\/\/api.w.org\/{rel}","templated":true}]}}