{"id":98898,"date":"2025-02-10T11:41:24","date_gmt":"2025-02-10T14:41:24","guid":{"rendered":"https:\/\/tvc16.com\/portal\/?p=98898"},"modified":"2025-02-10T11:41:28","modified_gmt":"2025-02-10T14:41:28","slug":"mprj-investiga-incendio-em-fabrica-de-lubrificantes","status":"publish","type":"post","link":"https:\/\/tvc16.com\/portal\/2025\/02\/10\/mprj-investiga-incendio-em-fabrica-de-lubrificantes\/","title":{"rendered":"MPRJ investiga inc\u00eandio em f\u00e1brica de lubrificantes"},"content":{"rendered":"\n<p><em>Causas do acidente ser\u00e3o apuradas<\/em><\/p>\n\n\n\n<p>Por Vitor Abdala &#8211; Rep\u00f3rter da Ag\u00eancia Brasil \/ Foto: Governo do Rio de Janeiro\/Divulga\u00e7\u00e3o<\/p>\n\n\n\n<p><\/p>\n\n\n\n<p>O Minist\u00e9rio P\u00fablico do Estado do Rio de Janeiro (MPRJ) abriu uma investiga\u00e7\u00e3o para apurar as causas, consequ\u00eancias ambientais e responsabilidades em rela\u00e7\u00e3o ao inc\u00eandio que atingiu neste fim de semana uma f\u00e1brica de lubrificantes na capital fluminense. O MPRJ solicitar\u00e1, nesta segunda-feira (10), ao Instituto Estadual do Ambiente (Inea) um relat\u00f3rio t\u00e9cnico detalhado sobre a opera\u00e7\u00e3o da f\u00e1brica e sobre os impactos ambientais na regi\u00e3o.<img decoding=\"async\" src=\"https:\/\/agenciabrasil.ebc.com.br\/ebc.png?id=1629648&amp;o=node\"><img decoding=\"async\" src=\"https:\/\/agenciabrasil.ebc.com.br\/ebc.gif?id=1629648&amp;o=node\"><\/p>\n\n\n\n<p>O MPRJ informou que acompanha a situa\u00e7\u00e3o da f\u00e1brica, hoje pertencente \u00e0 Cosan desde 2013, quando ainda era da&nbsp;<em>ExxonMobil<\/em>. Naquele ano, foi ajuizada uma A\u00e7\u00e3o Civil P\u00fablica (ACP) em raz\u00e3o da contamina\u00e7\u00e3o ambiental provocada pela f\u00e1brica.<\/p>\n\n\n\n<p>Em 2024, a empresa Cosan manifestou interesse em firmar um Termo de Ajustamento de Conduta (TAC) com o MPRJ, segundo o pr\u00f3prio Minist\u00e9rio P\u00fablico, com a finalidade de reparar danos ambientais causados pela opera\u00e7\u00e3o da f\u00e1brica. Mas as negocia\u00e7\u00f5es n\u00e3o foram conclu\u00eddas, devido \u00e0 indefini\u00e7\u00e3o, at\u00e9 o momento, em rela\u00e7\u00e3o ao valor da indeniza\u00e7\u00e3o.<\/p>\n\n\n\n<h2 class=\"wp-block-heading\">Suspens\u00e3o<\/h2>\n\n\n\n<p>Com o inc\u00eandio, as tratativas do TAC est\u00e3o suspensas \u201cat\u00e9 que sejam apuradas integralmente as causas do acidente e seus impactos ambientais\u201d, informou o MPRJ, por meio de nota.<\/p>\n\n\n\n<p>O inc\u00eandio, que come\u00e7ou no \u00faltimo s\u00e1bado (8), levou 28 horas para ser extinto,&nbsp;<a href=\"https:\/\/agenciabrasil.ebc.com.br\/geral\/noticia\/2025-02\/bombeiros-extinguem-incendio-em-fabrica-de-lubrificante-no-rio\" target=\"_blank\" rel=\"noreferrer noopener\">segundo o Corpo de Bombeiros<\/a>. O Inea enviou uma equipe de t\u00e9cnicos para o local para avaliar poss\u00edveis danos ambientais.&nbsp;<br><br><\/p>\n","protected":false},"excerpt":{"rendered":"<p>Causas do acidente ser\u00e3o apuradas Por Vitor Abdala &#8211; Rep\u00f3rter da Ag\u00eancia Brasil \/ Foto:<\/p>\n","protected":false},"author":2,"featured_media":98899,"comment_status":"open","ping_status":"open","sticky":false,"template":"","format":"standard","meta":{"footnotes":""},"categories":[17],"tags":[],"class_list":["post-98898","post","type-post","status-publish","format-standard","has-post-thumbnail","hentry","category-outras-noticias"],"_links":{"self":[{"href":"https:\/\/tvc16.com\/portal\/wp-json\/wp\/v2\/posts\/98898","targetHints":{"allow":["GET"]}}],"collection":[{"href":"https:\/\/tvc16.com\/portal\/wp-json\/wp\/v2\/posts"}],"about":[{"href":"https:\/\/tvc16.com\/portal\/wp-json\/wp\/v2\/types\/post"}],"author":[{"embeddable":true,"href":"https:\/\/tvc16.com\/portal\/wp-json\/wp\/v2\/users\/2"}],"replies":[{"embeddable":true,"href":"https:\/\/tvc16.com\/portal\/wp-json\/wp\/v2\/comments?post=98898"}],"version-history":[{"count":1,"href":"https:\/\/tvc16.com\/portal\/wp-json\/wp\/v2\/posts\/98898\/revisions"}],"predecessor-version":[{"id":98900,"href":"https:\/\/tvc16.com\/portal\/wp-json\/wp\/v2\/posts\/98898\/revisions\/98900"}],"wp:featuredmedia":[{"embeddable":true,"href":"https:\/\/tvc16.com\/portal\/wp-json\/wp\/v2\/media\/98899"}],"wp:attachment":[{"href":"https:\/\/tvc16.com\/portal\/wp-json\/wp\/v2\/media?parent=98898"}],"wp:term":[{"taxonomy":"category","embeddable":true,"href":"https:\/\/tvc16.com\/portal\/wp-json\/wp\/v2\/categories?post=98898"},{"taxonomy":"post_tag","embeddable":true,"href":"https:\/\/tvc16.com\/portal\/wp-json\/wp\/v2\/tags?post=98898"}],"curies":[{"name":"wp","href":"https:\/\/api.w.org\/{rel}","templated":true}]}}