{"id":98901,"date":"2025-02-10T11:49:32","date_gmt":"2025-02-10T14:49:32","guid":{"rendered":"https:\/\/tvc16.com\/portal\/?p=98901"},"modified":"2025-02-10T11:49:34","modified_gmt":"2025-02-10T14:49:34","slug":"prefeitura-de-teresopolis-inicia-campanha-de-vacinacao-para-servidores-municipais","status":"publish","type":"post","link":"https:\/\/tvc16.com\/portal\/2025\/02\/10\/prefeitura-de-teresopolis-inicia-campanha-de-vacinacao-para-servidores-municipais\/","title":{"rendered":"Prefeitura de Teres\u00f3polis inicia campanha de vacina\u00e7\u00e3o para Servidores Municipais"},"content":{"rendered":"\n<p>A Prefeitura Municipal de Teres\u00f3polis, por meio da Secretaria de Sa\u00fade, da Subsecretaria de Aten\u00e7\u00e3o B\u00e1sica e da Subsecretaria de Vigil\u00e2ncia em Sa\u00fade, promover\u00e1 uma a\u00e7\u00e3o especial de vacina\u00e7\u00e3o destinada aos Servidores Municipais. A imuniza\u00e7\u00e3o acontecer\u00e1 de forma pontual dentro de cada secretaria, facilitando o acesso \u00e0 vacina\u00e7\u00e3o e refor\u00e7ando o compromisso com a sa\u00fade e bem-estar dos servidores.<\/p>\n\n\n\n<p>A a\u00e7\u00e3o visa atualizar a caderneta de vacina\u00e7\u00e3o dos funcion\u00e1rios municipais, garantindo a seguran\u00e7a das equipes e de toda a popula\u00e7\u00e3o. Na ocasi\u00e3o estar\u00e3o dispon\u00edveis as vacinas Antitet\u00e2nica, Hepatite B, Febre Amarela, Tr\u00edplice Viral e Covid-19 para grupos priorit\u00e1rios. A primeira secretaria contemplada ser\u00e1 a Secretaria de Sa\u00fade, que receber\u00e1 a\u00e7\u00e3o de vacina\u00e7\u00e3o nos dias 10,12,13 e 14 de fevereiro, das 9h \u00e0s 16h, no audit\u00f3rio, localizado no pr\u00e9dio anexo da secretaria, em frente ao Arquivo.<\/p>\n\n\n\n<p>As demais secretarias ter\u00e3o seus cronogramas divulgados futuramente, nos canais oficiais da Prefeitura de Teres\u00f3polis.<\/p>\n","protected":false},"excerpt":{"rendered":"<p>A Prefeitura Municipal de Teres\u00f3polis, por meio da Secretaria de Sa\u00fade, da Subsecretaria de Aten\u00e7\u00e3o<\/p>\n","protected":false},"author":2,"featured_media":89112,"comment_status":"open","ping_status":"open","sticky":false,"template":"","format":"standard","meta":{"footnotes":""},"categories":[17],"tags":[],"class_list":["post-98901","post","type-post","status-publish","format-standard","has-post-thumbnail","hentry","category-outras-noticias"],"_links":{"self":[{"href":"https:\/\/tvc16.com\/portal\/wp-json\/wp\/v2\/posts\/98901","targetHints":{"allow":["GET"]}}],"collection":[{"href":"https:\/\/tvc16.com\/portal\/wp-json\/wp\/v2\/posts"}],"about":[{"href":"https:\/\/tvc16.com\/portal\/wp-json\/wp\/v2\/types\/post"}],"author":[{"embeddable":true,"href":"https:\/\/tvc16.com\/portal\/wp-json\/wp\/v2\/users\/2"}],"replies":[{"embeddable":true,"href":"https:\/\/tvc16.com\/portal\/wp-json\/wp\/v2\/comments?post=98901"}],"version-history":[{"count":1,"href":"https:\/\/tvc16.com\/portal\/wp-json\/wp\/v2\/posts\/98901\/revisions"}],"predecessor-version":[{"id":98902,"href":"https:\/\/tvc16.com\/portal\/wp-json\/wp\/v2\/posts\/98901\/revisions\/98902"}],"wp:featuredmedia":[{"embeddable":true,"href":"https:\/\/tvc16.com\/portal\/wp-json\/wp\/v2\/media\/89112"}],"wp:attachment":[{"href":"https:\/\/tvc16.com\/portal\/wp-json\/wp\/v2\/media?parent=98901"}],"wp:term":[{"taxonomy":"category","embeddable":true,"href":"https:\/\/tvc16.com\/portal\/wp-json\/wp\/v2\/categories?post=98901"},{"taxonomy":"post_tag","embeddable":true,"href":"https:\/\/tvc16.com\/portal\/wp-json\/wp\/v2\/tags?post=98901"}],"curies":[{"name":"wp","href":"https:\/\/api.w.org\/{rel}","templated":true}]}}