{"id":98903,"date":"2025-02-11T05:00:00","date_gmt":"2025-02-11T08:00:00","guid":{"rendered":"https:\/\/tvc16.com\/portal\/?p=98903"},"modified":"2025-02-10T13:14:24","modified_gmt":"2025-02-10T16:14:24","slug":"renato-albani-apresenta-o-espetaculo-zona-de-conforto-no-teatro-imperial","status":"publish","type":"post","link":"https:\/\/tvc16.com\/portal\/2025\/02\/11\/renato-albani-apresenta-o-espetaculo-zona-de-conforto-no-teatro-imperial\/","title":{"rendered":"Renato Albani apresenta o espet\u00e1culo &#8220;Zona de Conforto&#8221; no Teatro Imperial\u00a0"},"content":{"rendered":"\n<p><em>No dia 6 de abril, o humorista leva seu show de stand-up de sucesso, com mais de 250 mil espectadores, a um dos maiores e mais modernos teatros da regi\u00e3o serrana<\/em><\/p>\n\n\n\n<p>Consolidado como um dos maiores nomes da com\u00e9dia stand-up no Brasil, Renato Albani chega ao&nbsp;<strong>Teatro Imperial<\/strong>&nbsp;no dia&nbsp;<strong>6 de abril (domingo),<\/strong>&nbsp;com seu espet\u00e1culo de sucesso,&nbsp;<strong>&#8220;Zona de Conforto&#8221;<\/strong>. Considerado pelo pr\u00f3prio comediante como o melhor show que j\u00e1 escreveu, o espet\u00e1culo vem lotando sess\u00f5es por onde passa e segue em temporada fixa h\u00e1 tr\u00eas anos em S\u00e3o Paulo.<\/p>\n\n\n\n<p>Renato Albani segue quebrando recordes e conquistando p\u00fablicos por onde passa. Os n\u00fameros impressionam: em 2023, Albani realizou&nbsp;<strong>310 apresenta\u00e7\u00f5es esgotadas<\/strong>, e em 2024, foram&nbsp;<strong>290 sess\u00f5es lotadas<\/strong>, somando um p\u00fablico de mais de&nbsp;<strong>250 mil espectadores<\/strong>, se tornando um dos espet\u00e1culos de com\u00e9dia mais assistidos do pa\u00eds. Albani, que abriu m\u00e3o da carreira de engenheiro para se dedicar exclusivamente ao humor, v\u00ea nesses n\u00fameros a confirma\u00e7\u00e3o de que fez a escolha certa.<\/p>\n\n\n\n<p>&#8220;Esse \u00e9 o melhor show que j\u00e1 escrevi e a rea\u00e7\u00e3o do p\u00fablico confirma isso. Atingir mais de 250 mil pessoas me deixa muito feliz. A estrada \u00e9 dif\u00edcil, mas o carinho do p\u00fablico vale \u00e0 pena. Obrigado por tantas risadas. 2025 seguimos com o espet\u00e1culo, al\u00e9m de ter muitas novidades e quero todos comigo&#8221;, afirma Albani.<\/p>\n\n\n\n<p>O Teatro Imperial \u00e9 apresentado pela Enel, com realiza\u00e7\u00e3o da Natureza Produ\u00e7\u00f5es.&nbsp;<\/p>\n\n\n\n<p><strong>Sobre o espet\u00e1culo<\/strong><\/p>\n\n\n\n<p>&#8220;Zona de Conforto&#8221; \u00e9 um show c\u00f4mico que explora as contradi\u00e7\u00f5es humanas, questionando por que buscamos constantemente sair da nossa zona de conforto, mesmo em situa\u00e7\u00f5es desafiadoras. Com um humor afiado, Albani aborda temas como mercado financeiro, universo fitness, esportes e comportamentos sociais, trazendo reflex\u00f5es divertidas e profundas sobre o cotidiano.<\/p>\n\n\n\n<p>Albani explica: &#8220;Desde o nascimento, somos dependentes, mas nos consideramos os mais inteligentes. Ainda assim, arriscamos nossas vidas, como ao pular de paraquedas ou mergulhar com tubar\u00f5es. Sair da zona de conforto \u00e9 uma ironia humana, e \u00e9 disso que gosto de falar.&#8221; O show segue em cartaz todas as quintas-feiras no Teatro Sabesp Frei Caneca at\u00e9 mar\u00e7o\/abril de 2025, enquanto Albani prepara novidades para 2025, incluindo uma turn\u00ea nacional e temporadas internacionais.<\/p>\n\n\n\n<p><strong>Servi\u00e7o&nbsp;<\/strong><\/p>\n\n\n\n<p>Renato Albani &#8211; Zona de Conforto&nbsp;<\/p>\n\n\n\n<p>Classifica\u00e7\u00e3o 16 anos<\/p>\n\n\n\n<p>Domingo, 06 de abril, \u00e0s 19h&nbsp;<\/p>\n\n\n\n<p>Ingressos a partir de R$40,00 j\u00e1 \u00e0 venda na Bilheteria do Teatro ou pelo site:&nbsp;<a rel=\"noreferrer noopener\" target=\"_blank\" href=\"https:\/\/na01.safelinks.protection.outlook.com\/?url=https%3A%2F%2Fingressodigital.com%2Fevento%2F15040%2FRenato_Albani__Zona_de_Conforto&amp;data=05%7C02%7C%7Cce40342456644dab1ba208dd49e55422%7C84df9e7fe9f640afb435aaaaaaaaaaaa%7C1%7C0%7C638747971538306268%7CUnknown%7CTWFpbGZsb3d8eyJFbXB0eU1hcGkiOnRydWUsIlYiOiIwLjAuMDAwMCIsIlAiOiJXaW4zMiIsIkFOIjoiTWFpbCIsIldUIjoyfQ%3D%3D%7C0%7C%7C%7C&amp;sdata=NrXg7olJuAxmiWseN7bIiTfXA4yPNHpo26xiyKayftc%3D&amp;reserved=0\">https:\/\/ingressodigital.com\/evento\/15040\/Renato_Albani__Zona_de_Conforto<\/a>&nbsp;<\/p>\n\n\n\n<p>Teatro Imperial&nbsp;<\/p>\n\n\n\n<p>Rua Marechal Deodoro, 192 &#8211; Centro, Petr\u00f3polis &#8211; RJ<\/p>\n\n\n\n<p>Foto: divulga\u00e7\u00e3o <\/p>\n","protected":false},"excerpt":{"rendered":"<p>No dia 6 de abril, o humorista leva seu show de stand-up de sucesso, com<\/p>\n","protected":false},"author":2,"featured_media":98904,"comment_status":"open","ping_status":"open","sticky":false,"template":"","format":"standard","meta":{"footnotes":""},"categories":[12],"tags":[],"class_list":["post-98903","post","type-post","status-publish","format-standard","has-post-thumbnail","hentry","category-cidade"],"_links":{"self":[{"href":"https:\/\/tvc16.com\/portal\/wp-json\/wp\/v2\/posts\/98903","targetHints":{"allow":["GET"]}}],"collection":[{"href":"https:\/\/tvc16.com\/portal\/wp-json\/wp\/v2\/posts"}],"about":[{"href":"https:\/\/tvc16.com\/portal\/wp-json\/wp\/v2\/types\/post"}],"author":[{"embeddable":true,"href":"https:\/\/tvc16.com\/portal\/wp-json\/wp\/v2\/users\/2"}],"replies":[{"embeddable":true,"href":"https:\/\/tvc16.com\/portal\/wp-json\/wp\/v2\/comments?post=98903"}],"version-history":[{"count":1,"href":"https:\/\/tvc16.com\/portal\/wp-json\/wp\/v2\/posts\/98903\/revisions"}],"predecessor-version":[{"id":98905,"href":"https:\/\/tvc16.com\/portal\/wp-json\/wp\/v2\/posts\/98903\/revisions\/98905"}],"wp:featuredmedia":[{"embeddable":true,"href":"https:\/\/tvc16.com\/portal\/wp-json\/wp\/v2\/media\/98904"}],"wp:attachment":[{"href":"https:\/\/tvc16.com\/portal\/wp-json\/wp\/v2\/media?parent=98903"}],"wp:term":[{"taxonomy":"category","embeddable":true,"href":"https:\/\/tvc16.com\/portal\/wp-json\/wp\/v2\/categories?post=98903"},{"taxonomy":"post_tag","embeddable":true,"href":"https:\/\/tvc16.com\/portal\/wp-json\/wp\/v2\/tags?post=98903"}],"curies":[{"name":"wp","href":"https:\/\/api.w.org\/{rel}","templated":true}]}}