{"id":98922,"date":"2025-02-11T08:37:55","date_gmt":"2025-02-11T11:37:55","guid":{"rendered":"https:\/\/tvc16.com\/portal\/?p=98922"},"modified":"2025-02-11T08:37:57","modified_gmt":"2025-02-11T11:37:57","slug":"lula-diz-que-brasil-pode-alfabetizar-80-das-criancas-ate-2030","status":"publish","type":"post","link":"https:\/\/tvc16.com\/portal\/2025\/02\/11\/lula-diz-que-brasil-pode-alfabetizar-80-das-criancas-ate-2030\/","title":{"rendered":"Lula diz que Brasil pode alfabetizar 80% das crian\u00e7as at\u00e9 2030"},"content":{"rendered":"\n<p><em>Presidente premiou estados e prefeituras que atingiram metas<\/em><\/p>\n\n\n\n<p>Por Pedro Rafael Vilela &#8211; Rep\u00f3rter da Ag\u00eancia Brasil \/ Foto: Ricardo Stuckert\/PR<\/p>\n\n\n\n<p><\/p>\n\n\n\n<p>O governo federal premiou nesta segunda-feira (10) iniciativas bem-sucedidas de milhares de prefeituras e de secretarias de educa\u00e7\u00e3o dos estados que&nbsp;garantiram o direito \u00e0 alfabetiza\u00e7\u00e3o de crian\u00e7as at\u00e9 o 2\u00ba ano do ensino fundamental. A meta estabelecida em um decreto assinado pelo presidente Luiz In\u00e1cio Lula da Silva, ainda em 2023, \u00e9 de chegar at\u00e9 2030 com 80% das crian\u00e7as entre 7 e 8 anos de idade alfabetizadas.<img decoding=\"async\" src=\"https:\/\/agenciabrasil.ebc.com.br\/ebc.png?id=1629724&amp;o=node\"><img decoding=\"async\" src=\"https:\/\/agenciabrasil.ebc.com.br\/ebc.gif?id=1629724&amp;o=node\"><\/p>\n\n\n\n<p>Trata-se do Compromisso Nacional Crian\u00e7a Alfabetizada (CNCA), que envolve esfor\u00e7os coordenados de estados, munic\u00edpios e da Uni\u00e3o. &nbsp;<\/p>\n\n\n\n<blockquote class=\"wp-block-quote is-layout-flow wp-block-quote-is-layout-flow\">\n<p>&#8220;A gente fez um acordo com os 27 governadores de estado, com os quase 6 mil prefeitos desse pa\u00eds, para que a gente fizesse um desafio a n\u00f3s mesmos, que \u00e9 chegar at\u00e9 2030 com 80% das crian\u00e7as alfabetizadas at\u00e9 o 2\u00ba ano. \u00c9 este o compromisso que precisamos assumir diante do futuro desse pa\u00eds, que n\u00e3o pode mais atravessar um outro s\u00e9culo sendo eternamente um pa\u00eds em via de desenvolvimento. T\u00e1 na hora de a&nbsp;gente ser um pa\u00eds desenvolvido. E a gente nunca ser\u00e1 desenvolvido se a gente n\u00e3o apostar na educa\u00e7\u00e3o&#8221;, afirmou o presidente, durante a cerim\u00f4nia de entrega do Pr\u00eamio Selo Nacional Compromisso com a Alfabetiza\u00e7\u00e3o, em Bras\u00edlia. O evento reuniu ministros, parlamentares, governadores e centenas de prefeitos.<\/p>\n<\/blockquote>\n\n\n\n<p>Para avaliar as a\u00e7\u00f5es, o Minist\u00e9rio da Educa\u00e7\u00e3o (MEC) instituiu uma comiss\u00e3o respons\u00e1vel pela an\u00e1lise das iniciativas educacionais de estados e prefeituras, bem como um processo de classifica\u00e7\u00e3o. Para as unidades da Federa\u00e7\u00e3o, foram estabelecidos 21 par\u00e2metros. Para os munic\u00edpios, foram 20 par\u00e2metros. Todos organizados em cinco dimens\u00f5es: a\u00e7\u00f5es de integra\u00e7\u00e3o; institucionaliza\u00e7\u00e3o da pol\u00edtica de alfabetiza\u00e7\u00e3o no territ\u00f3rio; implementa\u00e7\u00e3o da pol\u00edtica de alfabetiza\u00e7\u00e3o; a\u00e7\u00f5es de forma\u00e7\u00e3o docente e distribui\u00e7\u00e3o de material did\u00e1tico.<\/p>\n\n\n\n<p>De acordo com o Sistema de Avalia\u00e7\u00e3o da Educa\u00e7\u00e3o B\u00e1sica (Saeb) do MEC, s\u00e3o consideradas alfabetizadas as crian\u00e7as que se tornam aptas a ler palavras, frases e pequenos textos; localizar informa\u00e7\u00f5es na superf\u00edcie textual; escrever ortograficamente palavras com regularidades diretas entre fonemas e letras e escrever textos que circulam na vida cotidiana, ainda que com desvios ortogr\u00e1ficos e de segmenta\u00e7\u00e3o.<\/p>\n\n\n\n<h2 class=\"wp-block-heading\">Reconhecimento<\/h2>\n\n\n\n<p>Ao todo, 4.187 munic\u00edpios receberam o selo, sendo 2.592 na categoria Ouro, 1.062 na categoria Prata e 533 na categoria Bronze. Foram contemplados com o Selo Ouro os estados do Cear\u00e1, do Esp\u00edrito Santo, de Goi\u00e1s, do Mato Grosso, do Mato Grosso do Sul, de Minas Gerais, do Par\u00e1, do Paran\u00e1, de Pernambuco, do Piau\u00ed, do Rio Grande do Norte, de Rond\u00f4nia e do Tocantins, al\u00e9m do Distrito Federal.<\/p>\n\n\n\n<p>O Selo Prata ser\u00e1 entregue para os estados do Acre, do Amap\u00e1, do Amazonas, da Bahia, do Maranh\u00e3o, da Para\u00edba, de Santa Catarina, de S\u00e3o Paulo e de Sergipe. J\u00e1 o Selo Bronze ir\u00e1 para Alagoas, Rio de Janeiro e Rio Grande do Sul. &nbsp;<\/p>\n\n\n\n<p>&#8220;N\u00f3s n\u00e3o acreditamos em pol\u00edtica p\u00fablica que seja de cima para baixo. N\u00f3s acreditamos se ela for constru\u00edda de baixo para cima&#8221;, destacou o ministro da Educa\u00e7\u00e3o, Camilo Santana.<\/p>\n\n\n\n<p>&#8220;Quando uma crian\u00e7a n\u00e3o aprende a ler e a escrever ao final do 2\u00ba ano, compromete todos os anos escolares dessa crian\u00e7a. Aumenta a distor\u00e7\u00e3o idade e s\u00e9rie, aumenta a reprova\u00e7\u00e3o, aumenta o abandono, e a gente chega, no ensino m\u00e9dio com quase, meio milh\u00e3o de jovens abandonando a escola. Estamos reconhecendo os processos, os esfor\u00e7os e iniciativas de cada munic\u00edpio e cada estado aqui representados. S\u00e3o 2.592 e 14 estados do Brasil que est\u00e3o sendo reconhecidos com o Selo Ouro da educa\u00e7\u00e3o&#8221;, acrescentou Santana.<\/p>\n\n\n\n<p>Segundo o ministro, o pa\u00eds tem evolu\u00eddo na busca da meta. &#8220;Sa\u00edmos de 36% e chegamos a 56% das crian\u00e7as alfabetizadas. Temos uma meta de chegar at\u00e9 2030 a pelo menos 80%, mas acredito que vamos atingi-la antes&#8221;.<\/p>\n\n\n\n<h2 class=\"wp-block-heading\">Encontro com prefeitos<\/h2>\n\n\n\n<p>O presidente Lula tamb\u00e9m \u00e9 presen\u00e7a confirmada na abertura do&nbsp;<a href=\"https:\/\/agenciabrasil.ebc.com.br\/economia\/noticia\/2025-02\/prefeitos-irao-se-reunir-em-brasilia-partir-de-amanha\" target=\"_blank\" rel=\"noreferrer noopener\">Encontro Nacional de Prefeitos e Prefeitas<\/a>, nesta ter\u00e7a-feira (11) pela manh\u00e3, em Bras\u00edlia. O encontro prossegue at\u00e9 a pr\u00f3xima quinta-feira (13) e reunir\u00e1 gestores municipais eleitos para o mandato 2025-2028.&nbsp;<\/p>\n\n\n\n<p>Promovido pelo governo federal, o evento tem como meta aproximar minist\u00e9rios e \u00f3rg\u00e3os governamentais dos munic\u00edpios para facilitar o acesso a informa\u00e7\u00f5es essenciais, ferramentas e recursos voltados aos novos gestores.<br><br><\/p>\n","protected":false},"excerpt":{"rendered":"<p>Presidente premiou estados e prefeituras que atingiram metas Por Pedro Rafael Vilela &#8211; Rep\u00f3rter da<\/p>\n","protected":false},"author":2,"featured_media":98923,"comment_status":"open","ping_status":"open","sticky":false,"template":"","format":"standard","meta":{"footnotes":""},"categories":[17],"tags":[],"class_list":["post-98922","post","type-post","status-publish","format-standard","has-post-thumbnail","hentry","category-outras-noticias"],"_links":{"self":[{"href":"https:\/\/tvc16.com\/portal\/wp-json\/wp\/v2\/posts\/98922","targetHints":{"allow":["GET"]}}],"collection":[{"href":"https:\/\/tvc16.com\/portal\/wp-json\/wp\/v2\/posts"}],"about":[{"href":"https:\/\/tvc16.com\/portal\/wp-json\/wp\/v2\/types\/post"}],"author":[{"embeddable":true,"href":"https:\/\/tvc16.com\/portal\/wp-json\/wp\/v2\/users\/2"}],"replies":[{"embeddable":true,"href":"https:\/\/tvc16.com\/portal\/wp-json\/wp\/v2\/comments?post=98922"}],"version-history":[{"count":1,"href":"https:\/\/tvc16.com\/portal\/wp-json\/wp\/v2\/posts\/98922\/revisions"}],"predecessor-version":[{"id":98924,"href":"https:\/\/tvc16.com\/portal\/wp-json\/wp\/v2\/posts\/98922\/revisions\/98924"}],"wp:featuredmedia":[{"embeddable":true,"href":"https:\/\/tvc16.com\/portal\/wp-json\/wp\/v2\/media\/98923"}],"wp:attachment":[{"href":"https:\/\/tvc16.com\/portal\/wp-json\/wp\/v2\/media?parent=98922"}],"wp:term":[{"taxonomy":"category","embeddable":true,"href":"https:\/\/tvc16.com\/portal\/wp-json\/wp\/v2\/categories?post=98922"},{"taxonomy":"post_tag","embeddable":true,"href":"https:\/\/tvc16.com\/portal\/wp-json\/wp\/v2\/tags?post=98922"}],"curies":[{"name":"wp","href":"https:\/\/api.w.org\/{rel}","templated":true}]}}