{"id":98925,"date":"2025-02-11T08:40:22","date_gmt":"2025-02-11T11:40:22","guid":{"rendered":"https:\/\/tvc16.com\/portal\/?p=98925"},"modified":"2025-02-11T08:40:25","modified_gmt":"2025-02-11T11:40:25","slug":"bosque-do-imperador-em-petropolis-recebe-limpeza-e-melhorias","status":"publish","type":"post","link":"https:\/\/tvc16.com\/portal\/2025\/02\/11\/bosque-do-imperador-em-petropolis-recebe-limpeza-e-melhorias\/","title":{"rendered":"Bosque do Imperador, em Petr\u00f3polis,  recebe limpeza e melhorias"},"content":{"rendered":"\n<p>O Bosque do Imperador, tamb\u00e9m conhecido como &#8220;Pra\u00e7a do Cenip&#8221; est\u00e1 recebendo uma s\u00e9rie de a\u00e7\u00f5es de manuten\u00e7\u00e3o e limpeza para melhorar a infraestrutura e garantir a seguran\u00e7a dos visitantes. A Prefeitura, por meio da Companhia Municipal de Desenvolvimento (Comdep), est\u00e1 executando um trabalho de revitaliza\u00e7\u00e3o, que inclui a limpeza do chafariz, corte de grama, manuten\u00e7\u00e3o do jardim e at\u00e9 a substitui\u00e7\u00e3o do parquinho infantil.<\/p>\n\n\n\n<p>A limpeza do chafariz j\u00e1 foi conclu\u00edda. Ele foi esvaziado, limpo, pintado e teve a \u00e1gua parada retirada para evitar poss\u00edveis focos do mosquito da dengue. &#8220;Al\u00e9m de melhorar o aspecto visual do local, a limpeza do chafariz tem um papel essencial no combate \u00e0 dengue, pois a \u00e1gua parada pode ser um foco para a prolifera\u00e7\u00e3o do mosquito Aedes aegypti. Estamos tomando todas as medidas necess\u00e1rias para evitar esse tipo de problema&#8221;, destacou o prefeito Hingo Hammes.<\/p>\n\n\n\n<p>O espa\u00e7o ganhou um novo parquinho, com brinquedos mais seguros para as crian\u00e7as. \u201cO objetivo \u00e9 deixar o Bosque mais bonito e seguro para quem frequenta o local. Queremos garantir que ele esteja sempre bem cuidado e acolhedor&#8221;, ressaltou Fernanda Ferreira, presidente da Comdep.<\/p>\n\n\n\n<p>O trabalho de revitaliza\u00e7\u00e3o ainda inclui o corte de grama, manuten\u00e7\u00e3o dos jardins. A limpeza das jaqueiras, que s\u00e3o uma das caracter\u00edsticas do Bosque, tamb\u00e9m j\u00e1 foi iniciada. \u201cEstamos trabalhando para oferecer um ambiente mais agrad\u00e1vel, moderno e seguro para as fam\u00edlias e crian\u00e7as que frequentam o Bosque. Nossa popula\u00e7\u00e3o merece um espa\u00e7o de lazer de qualidade, e estamos comprometidos em garantir isso\u201d, finalizou Fernanda Ferreira. As a\u00e7\u00f5es seguem em andamento e devem ser conclu\u00eddas nos pr\u00f3ximos dias.<\/p>\n","protected":false},"excerpt":{"rendered":"<p>O Bosque do Imperador, tamb\u00e9m conhecido como &#8220;Pra\u00e7a do Cenip&#8221; est\u00e1 recebendo uma s\u00e9rie de<\/p>\n","protected":false},"author":2,"featured_media":98926,"comment_status":"open","ping_status":"open","sticky":false,"template":"","format":"standard","meta":{"footnotes":""},"categories":[12],"tags":[],"class_list":["post-98925","post","type-post","status-publish","format-standard","has-post-thumbnail","hentry","category-cidade"],"_links":{"self":[{"href":"https:\/\/tvc16.com\/portal\/wp-json\/wp\/v2\/posts\/98925","targetHints":{"allow":["GET"]}}],"collection":[{"href":"https:\/\/tvc16.com\/portal\/wp-json\/wp\/v2\/posts"}],"about":[{"href":"https:\/\/tvc16.com\/portal\/wp-json\/wp\/v2\/types\/post"}],"author":[{"embeddable":true,"href":"https:\/\/tvc16.com\/portal\/wp-json\/wp\/v2\/users\/2"}],"replies":[{"embeddable":true,"href":"https:\/\/tvc16.com\/portal\/wp-json\/wp\/v2\/comments?post=98925"}],"version-history":[{"count":1,"href":"https:\/\/tvc16.com\/portal\/wp-json\/wp\/v2\/posts\/98925\/revisions"}],"predecessor-version":[{"id":98927,"href":"https:\/\/tvc16.com\/portal\/wp-json\/wp\/v2\/posts\/98925\/revisions\/98927"}],"wp:featuredmedia":[{"embeddable":true,"href":"https:\/\/tvc16.com\/portal\/wp-json\/wp\/v2\/media\/98926"}],"wp:attachment":[{"href":"https:\/\/tvc16.com\/portal\/wp-json\/wp\/v2\/media?parent=98925"}],"wp:term":[{"taxonomy":"category","embeddable":true,"href":"https:\/\/tvc16.com\/portal\/wp-json\/wp\/v2\/categories?post=98925"},{"taxonomy":"post_tag","embeddable":true,"href":"https:\/\/tvc16.com\/portal\/wp-json\/wp\/v2\/tags?post=98925"}],"curies":[{"name":"wp","href":"https:\/\/api.w.org\/{rel}","templated":true}]}}