{"id":98935,"date":"2025-02-11T08:55:24","date_gmt":"2025-02-11T11:55:24","guid":{"rendered":"https:\/\/tvc16.com\/portal\/?p=98935"},"modified":"2025-02-11T08:55:28","modified_gmt":"2025-02-11T11:55:28","slug":"homem-e-preso-por-agredir-porteiro-de-condominio-em-teresopolis","status":"publish","type":"post","link":"https:\/\/tvc16.com\/portal\/2025\/02\/11\/homem-e-preso-por-agredir-porteiro-de-condominio-em-teresopolis\/","title":{"rendered":"Homem \u00e9 preso por agredir porteiro de condom\u00ednio em Teres\u00f3polis"},"content":{"rendered":"\n<p>Policiais civis da 110\u00aa DP (Teres\u00f3polis) prenderam, neste domingo (09\/02), um homem em flagrante por crimes de les\u00e3o corporal e de persegui\u00e7\u00e3o contra o porteiro de um condom\u00ednio. O autor foi detido em Teres\u00f3polis, na Regi\u00e3o Serrana, ap\u00f3s den\u00fancias sobre as agress\u00f5es.<\/p>\n\n\n\n<p>Segundo apurado, a v\u00edtima \u00e9 funcion\u00e1ria do pr\u00e9dio onde o pr\u00f3prio autor reside e j\u00e1 vinha sendo perseguida por ele. Ap\u00f3s um desentendimento com o funcion\u00e1rio, o morador, desferiu diversos golpes com uma l\u00e2mina.<\/p>\n\n\n\n<p>Durante as dilig\u00eancias, o criminoso ainda alegou ser muito rico e amea\u00e7ou contratar uma pessoa para executar o porteiro e os agentes envolvidos na pris\u00e3o.<\/p>\n\n\n\n<p>Diante dos fatos, ele foi autuado em flagrante.<\/p>\n","protected":false},"excerpt":{"rendered":"<p>Policiais civis da 110\u00aa DP (Teres\u00f3polis) prenderam, neste domingo (09\/02), um homem em flagrante por<\/p>\n","protected":false},"author":2,"featured_media":96130,"comment_status":"open","ping_status":"open","sticky":false,"template":"","format":"standard","meta":{"footnotes":""},"categories":[17],"tags":[],"class_list":["post-98935","post","type-post","status-publish","format-standard","has-post-thumbnail","hentry","category-outras-noticias"],"_links":{"self":[{"href":"https:\/\/tvc16.com\/portal\/wp-json\/wp\/v2\/posts\/98935","targetHints":{"allow":["GET"]}}],"collection":[{"href":"https:\/\/tvc16.com\/portal\/wp-json\/wp\/v2\/posts"}],"about":[{"href":"https:\/\/tvc16.com\/portal\/wp-json\/wp\/v2\/types\/post"}],"author":[{"embeddable":true,"href":"https:\/\/tvc16.com\/portal\/wp-json\/wp\/v2\/users\/2"}],"replies":[{"embeddable":true,"href":"https:\/\/tvc16.com\/portal\/wp-json\/wp\/v2\/comments?post=98935"}],"version-history":[{"count":1,"href":"https:\/\/tvc16.com\/portal\/wp-json\/wp\/v2\/posts\/98935\/revisions"}],"predecessor-version":[{"id":98936,"href":"https:\/\/tvc16.com\/portal\/wp-json\/wp\/v2\/posts\/98935\/revisions\/98936"}],"wp:featuredmedia":[{"embeddable":true,"href":"https:\/\/tvc16.com\/portal\/wp-json\/wp\/v2\/media\/96130"}],"wp:attachment":[{"href":"https:\/\/tvc16.com\/portal\/wp-json\/wp\/v2\/media?parent=98935"}],"wp:term":[{"taxonomy":"category","embeddable":true,"href":"https:\/\/tvc16.com\/portal\/wp-json\/wp\/v2\/categories?post=98935"},{"taxonomy":"post_tag","embeddable":true,"href":"https:\/\/tvc16.com\/portal\/wp-json\/wp\/v2\/tags?post=98935"}],"curies":[{"name":"wp","href":"https:\/\/api.w.org\/{rel}","templated":true}]}}