{"id":9894,"date":"2021-01-26T06:26:58","date_gmt":"2021-01-26T09:26:58","guid":{"rendered":"https:\/\/tvc16.com\/portal\/?p=9894"},"modified":"2021-01-26T06:31:19","modified_gmt":"2021-01-26T09:31:19","slug":"nova-iguacu-recebe-primeira-remessa-da-vacina-astrazeneca-com-6-360-doses-a-cidade-foi-ponto-de-distribuicao-para-belford-roxo-duque-de-caxias-itaguai-japeri-mesquita-nilopolis-paracambi-quei","status":"publish","type":"post","link":"https:\/\/tvc16.com\/portal\/2021\/01\/26\/nova-iguacu-recebe-primeira-remessa-da-vacina-astrazeneca-com-6-360-doses-a-cidade-foi-ponto-de-distribuicao-para-belford-roxo-duque-de-caxias-itaguai-japeri-mesquita-nilopolis-paracambi-quei\/","title":{"rendered":"Nova Igua\u00e7u recebe primeira remessa da vacina AstraZeneca, com 6.360 doses. A cidade foi ponto de distribui\u00e7\u00e3o para Belford Roxo, Duque de Caxias, Itagua\u00ed, Japeri, Mesquita, Nil\u00f3polis, Paracambi, Queimados, S\u00e3o Jo\u00e3o de Meriti e Serop\u00e9dica"},"content":{"rendered":"\n<p><br>A Secretaria Municipal de Sa\u00fade de Nova Igua\u00e7u (SEMUS) recebeu do Governo do Estado, na manh\u00e3 desta segunda-feira, 6.360 doses da vacina Oxford\/AstraZeneca para dar continuidade \u00e0 vacina\u00e7\u00e3o contra a Covid-19. Na semana passada, o munic\u00edpio j\u00e1 havia recebido 7.465 doses da Coronavac para iniciar a imuniza\u00e7\u00e3o.<\/p>\n\n\n\n<p>Os frascos chegaram em um helic\u00f3ptero do Corpo de Bombeiros que pousou ao lado do Hospital Modular, situado no antigo Aeroclube, pr\u00f3ximo ao Centro de Nova Igua\u00e7u. A cidade foi usada como ponto de distribui\u00e7\u00e3o para os munic\u00edpios de Belford Roxo, Duque de Caxias, Itagua\u00ed, Japeri, Mesquita, Nil\u00f3polis, Paracambi, Queimados, S\u00e3o Jo\u00e3o de Meriti e Serop\u00e9dica.<\/p>\n\n\n\n<p>\u201cEsperamos receber em breve a segunda remessa com a outra metade das doses da Oxford\/AstraZeneca, para que as pessoas que v\u00e3o receber esta vacina tenham a garantia da segunda dose\u201d, disse o secret\u00e1rio de Sa\u00fade de Nova Igua\u00e7u, Manoel Barreto, que tamb\u00e9m aguarda a chegada das outras 7.465 doses da Coronavac que ser\u00e3o aplicadas no grupo priorit\u00e1rio que vem sendo vacinado.<\/p>\n\n\n\n<p>Nesta primeira etapa est\u00e3o sendo vacinados profissionais da sa\u00fade que trabalham na linha de frente da Covid em UTI, Unidades de Urg\u00eancia e Emerg\u00eancia e tamb\u00e9m aqueles que trabalham em Cl\u00ednicas da Fam\u00edlia e Unidades B\u00e1sicas de Sa\u00fade (UBS) e hospitais particulares. Al\u00e9m disso, j\u00e1 foram imunizadas pessoas com defici\u00eancia (a partir de 18 anos) residentes em Resid\u00eancias Inclusivas e idosos residentes em institui\u00e7\u00f5es de longa perman\u00eancia, que pertencem aos grupos priorit\u00e1rios determinados pelo Minist\u00e9rio da Sa\u00fade.<\/p>\n\n\n\n<p>A imuniza\u00e7\u00e3o vem sendo realizada nos locais de trabalho dos profissionais da sa\u00fade, como o Hospital Geral de Nova Igua\u00e7u (HGNI) e as Unidades de Pronto Atendimento (UPAs), e nos abrigos. Neste primeiro momento, as doses n\u00e3o est\u00e3o sendo destinadas aos postos de sa\u00fade da cidade.&nbsp;&nbsp;<\/p>\n","protected":false},"excerpt":{"rendered":"<p>A Secretaria Municipal de Sa\u00fade de Nova Igua\u00e7u (SEMUS) recebeu do Governo do Estado, na<\/p>\n","protected":false},"author":2,"featured_media":9897,"comment_status":"open","ping_status":"open","sticky":false,"template":"","format":"standard","meta":{"footnotes":""},"categories":[17],"tags":[],"class_list":["post-9894","post","type-post","status-publish","format-standard","has-post-thumbnail","hentry","category-outras-noticias"],"_links":{"self":[{"href":"https:\/\/tvc16.com\/portal\/wp-json\/wp\/v2\/posts\/9894","targetHints":{"allow":["GET"]}}],"collection":[{"href":"https:\/\/tvc16.com\/portal\/wp-json\/wp\/v2\/posts"}],"about":[{"href":"https:\/\/tvc16.com\/portal\/wp-json\/wp\/v2\/types\/post"}],"author":[{"embeddable":true,"href":"https:\/\/tvc16.com\/portal\/wp-json\/wp\/v2\/users\/2"}],"replies":[{"embeddable":true,"href":"https:\/\/tvc16.com\/portal\/wp-json\/wp\/v2\/comments?post=9894"}],"version-history":[{"count":1,"href":"https:\/\/tvc16.com\/portal\/wp-json\/wp\/v2\/posts\/9894\/revisions"}],"predecessor-version":[{"id":9896,"href":"https:\/\/tvc16.com\/portal\/wp-json\/wp\/v2\/posts\/9894\/revisions\/9896"}],"wp:featuredmedia":[{"embeddable":true,"href":"https:\/\/tvc16.com\/portal\/wp-json\/wp\/v2\/media\/9897"}],"wp:attachment":[{"href":"https:\/\/tvc16.com\/portal\/wp-json\/wp\/v2\/media?parent=9894"}],"wp:term":[{"taxonomy":"category","embeddable":true,"href":"https:\/\/tvc16.com\/portal\/wp-json\/wp\/v2\/categories?post=9894"},{"taxonomy":"post_tag","embeddable":true,"href":"https:\/\/tvc16.com\/portal\/wp-json\/wp\/v2\/tags?post=9894"}],"curies":[{"name":"wp","href":"https:\/\/api.w.org\/{rel}","templated":true}]}}