{"id":98945,"date":"2025-02-12T07:30:00","date_gmt":"2025-02-12T10:30:00","guid":{"rendered":"https:\/\/tvc16.com\/portal\/?p=98945"},"modified":"2025-02-11T09:32:45","modified_gmt":"2025-02-11T12:32:45","slug":"ong-diz-que-denuncias-de-crimes-ciberneticos-caem-no-brasil","status":"publish","type":"post","link":"https:\/\/tvc16.com\/portal\/2025\/02\/12\/ong-diz-que-denuncias-de-crimes-ciberneticos-caem-no-brasil\/","title":{"rendered":"ONG diz que den\u00fancias de crimes cibern\u00e9ticos caem no Brasil"},"content":{"rendered":"\n<p><em>Redes sociais s\u00e3o usadas como iscas para conte\u00fado ilegal<\/em><\/p>\n\n\n\n<p>Por Elaine Patricia Cruz \u2013 Rep\u00f3rter da Ag\u00eancia Brasil \/ Foto: Pol\u00edcia Federal\/divulga\u00e7\u00e3o<br><\/p>\n\n\n\n<p>Em 2024, as den\u00fancias de crimes cibern\u00e9ticos ca\u00edram no Brasil. A Central Nacional de Den\u00fancias de Crimes Cibern\u00e9ticos da organiza\u00e7\u00e3o n\u00e3o-governamental&nbsp;<em>SaferNet&nbsp;<\/em>recebeu 100.077 novas ocorr\u00eancias [n\u00e3o repetidas] desse tipo de crime, 50.770 a menos que em 2023.<img decoding=\"async\" src=\"https:\/\/agenciabrasil.ebc.com.br\/ebc.png?id=1629745&amp;o=node\"><img decoding=\"async\" src=\"https:\/\/agenciabrasil.ebc.com.br\/ebc.gif?id=1629745&amp;o=node\"><\/p>\n\n\n\n<p>Desse total do ano passado, 52.999 se referiam a crimes relacionados a imagens de abuso e explora\u00e7\u00e3o sexual infantil, o que representou queda de 26% em rela\u00e7\u00e3o a 2023, quando houve recorde absoluto da s\u00e9rie hist\u00f3rica iniciada em 2006.<\/p>\n\n\n\n<p>Essa redu\u00e7\u00e3o nas den\u00fancias, no entanto, n\u00e3o significa diminui\u00e7\u00e3o desses crimes, ressaltou o presidente da&nbsp;<em>SaferNet<\/em>, Thiago Tavares.<\/p>\n\n\n\n<p>\u201cA s\u00e9rie caiu em rela\u00e7\u00e3o ao ano passado, que foi o pico da s\u00e9rie hist\u00f3rica. Esse dado [de 2024] \u00e9 o quarto maior da s\u00e9rie, ou seja, o quarto maior em 19 anos. Ent\u00e3o, o n\u00famero diminuiu em rela\u00e7\u00e3o ao ano passado, mas se voc\u00ea comparar com outros anos, ele \u00e9 um total ainda muito expressivo\u201d, ressaltou.<\/p>\n\n\n\n<p>Alguns fatores podem explicar a redu\u00e7\u00e3o nas den\u00fancias. Uma delas, segundo Tavares, \u00e9 a mudan\u00e7a na forma pela qual esses conte\u00fados t\u00eam pontificado na internet.<\/p>\n\n\n\n<p>\u201cEles t\u00eam circulado menos na web p\u00fablica, ou seja, na&nbsp;<em>web<\/em>&nbsp;aberta e t\u00eam [sido vistos mais] em espa\u00e7os fechados como, por exemplo, grupos em aplicativos de troca de mensagens. E a\u00ed, para voc\u00ea denunciar aquele grupo, voc\u00ea tem que ser membro dele. E se voc\u00ea \u00e9 membro de um grupo, voc\u00ea n\u00e3o vai denunci\u00e1-lo porque voc\u00ea se interessa pelo conte\u00fado que circula ali\u201d, disse ele.<\/p>\n\n\n\n<p>Outra explica\u00e7\u00e3o poss\u00edvel para a queda \u00e9 o fato de que as redes sociais t\u00eam sido utilizadas como iscas para o conte\u00fado ilegal.<\/p>\n\n\n\n<p>\u201cO conte\u00fado n\u00e3o \u00e9 publicado diretamente na rede social, mas \u00e9 uma isca. Elas acabam sendo usadas para atrair esse usu\u00e1rio e conduzi-lo para esses espa\u00e7os mais fechados, onde essas imagens circulam livremente e s\u00e3o vendidas muitas vezes\u201d, disse Tavares, em entrevista \u00e0<strong>&nbsp;Ag\u00eancia Brasil<\/strong>.<\/p>\n\n\n\n<h2 class=\"wp-block-heading\">Crimes de \u00f3dio<\/h2>\n\n\n\n<p>O ano de 2024 tamb\u00e9m acusou queda de 49% nas den\u00fancias \u00fanicas de crimes de \u00f3dio relacionados a casos de racismo, intoler\u00e2ncia religiosa, xenofobia, neonazismo, LGBTfobia, misoginia ou crimes contra a vida. Em todo o ano passado foram feitos 14.108 relatos desse tipo de crime \u00e0&nbsp;<em>SaferNet<\/em>.<\/p>\n\n\n\n<p>Este foi o primeiro ano eleitoral &#8211; desde 2018 &#8211; em que a ONG recebeu menos den\u00fancias de crimes de \u00f3dio em rela\u00e7\u00e3o ao ano anterior.<\/p>\n\n\n\n<p>\u201cA gente veio numa sequ\u00eancia de altas sucessivas dos crimes de \u00f3dio em elei\u00e7\u00f5es, principalmente nas elei\u00e7\u00f5es gerais, quando h\u00e1 disputa dos cargos de presidente da Rep\u00fablica e tamb\u00e9m para o Congresso Nacional. Nas elei\u00e7\u00f5es locais elas s\u00e3o mais pulverizadas. E historicamente, nas elei\u00e7\u00f5es municipais, h\u00e1 uma incid\u00eancia menor de den\u00fancias em rela\u00e7\u00e3o \u00e0s elei\u00e7\u00f5es gerais. Nas elei\u00e7\u00f5es municipais, esses conte\u00fados acabam circulando mais em termos locais, geralmente em grupo de&nbsp;<em>WhatsApp<\/em>\u201d, explicou Tavares.<\/p>\n\n\n\n<h2 class=\"wp-block-heading\"><em>Helpline<\/em><\/h2>\n\n\n\n<p>Outro dado divulgado nesta ter\u00e7a-feira (11) foi que o&nbsp;<em>Helpline&nbsp;<\/em>&#8211; canal gratuito de ajuda da&nbsp;<em>SaferNet&nbsp;<\/em>&#8211; anotou aumento de 79% em atendimentos de pessoas com algum tipo de problema de sa\u00fade mental, incluindo os relacionados com o uso da internet. Em todo o ano passado, 204 atendimentos desse tipo foram realizados por meio desse canal, enquanto em 2023 houve 114 atendimentos.<\/p>\n\n\n\n<p>\u201cO&nbsp;<em>Helpline&nbsp;<\/em>\u00e9 um canal de orienta\u00e7\u00e3o para v\u00edtimas de situa\u00e7\u00f5es de viol\u00eancia e de crimes cibern\u00e9ticos. Temos um canal de&nbsp;<em>chat&nbsp;<\/em>com uma equipe de psic\u00f3logos. Eles atendem e orientam pessoas que estejam vivenciando alguma situa\u00e7\u00e3o de risco iminente. E, nos atendimentos do ano passado, houve um aumento nos casos relacionados \u00e0 sa\u00fade mental\u201d, declarou Tavares. \u201cO que n\u00f3s fazemos \u00e9 orientar e acolher esse usu\u00e1rio que est\u00e1 em sofrimento, acolh\u00ea-lo e orient\u00e1-lo sobre onde ele deve buscar ajuda para aquela situa\u00e7\u00e3o concreta\u201d, esclareceu.<\/p>\n\n\n\n<p>Os problemas de sa\u00fade mental ocupam o terceiro lugar no ranking de atendimentos do&nbsp;<em>Helpline<\/em>. Eles s\u00f3 foram superados pela exposi\u00e7\u00e3o de imagens \u00edntimas, com 268 atendimentos, e problemas com dados pessoais, com 246 casos. Fraudes, golpes e<em>&nbsp;e-mails<\/em>&nbsp;falsos ficaram em quarto lugar, com 185 ocorr\u00eancias, seguidos por viol\u00eancia&nbsp;<em>online<\/em>&nbsp;e discurso de \u00f3dio, com 130 casos.<\/p>\n\n\n\n<p>Outros dois tipos de atendimento que chamaram a aten\u00e7\u00e3o no ano passado envolveram pessoas que disseram enfrentar problemas com compras&nbsp;<em>online<\/em>. Saltaram de 23 para 63 casos e de pessoas pedindo orienta\u00e7\u00e3o sobre como proceder em rela\u00e7\u00e3o a imagens de abuso e explora\u00e7\u00e3o sexual infantil \u2013 expans\u00e3o de 14% no per\u00edodo.<\/p>\n\n\n\n<p>Todos esses dados est\u00e3o sendo apresentados hoje (11) pela&nbsp;<em>SaferNet&nbsp;<\/em>no Dia da Internet Segura. Organizado por&nbsp;<em>Safernet Brasil<\/em>, N\u00facleo de Informa\u00e7\u00e3o e Coordena\u00e7\u00e3o do Ponto BR (NIC.br) e Comit\u00ea Gestor da Internet no Brasil (CGI.br), o evento acontece entre hoje e amanh\u00e3 (12), em S\u00e3o Paulo. A programa\u00e7\u00e3o do evento est\u00e1 dispon\u00edvel no&nbsp;<a href=\"https:\/\/www.diadainternetsegura.org.br\/\" target=\"_blank\" rel=\"noreferrer noopener\">site<\/a>.<\/p>\n\n\n\n<p>Com o tema \u201cUnidos para uma Internet mais positiva\u201d, o Dia da Internet Segura \u00e9 celebrado em mais de 180 na\u00e7\u00f5es, mobilizando diferentes setores da sociedade na promo\u00e7\u00e3o de um ambiente digital mais seguro, \u00e9tico e respons\u00e1vel.<\/p>\n\n\n\n<h2 class=\"wp-block-heading\">Den\u00fancias<\/h2>\n\n\n\n<p>Den\u00fancias sobre crimes cibern\u00e9ticos envolvendo, por exemplo, casos de abuso, explora\u00e7\u00e3o sexual infantil e crimes de \u00f3dio na internet podem ser feitas por meio da Central Nacional de Den\u00fancias da&nbsp;<a href=\"https:\/\/new.safernet.org.br\/denuncie\" target=\"_blank\" rel=\"noreferrer noopener\"><em>Safernet&nbsp;<\/em>Brasil<\/a>.<\/p>\n\n\n\n<p>Para denunciar, basta copiar e colar no formul\u00e1rio o&nbsp;<em>link<\/em>&nbsp;da p\u00e1gina, grupo, comunidade, canal ou qualquer outro conte\u00fado que se suspeita que seja criminoso. A&nbsp;<em>SaferNet&nbsp;<\/em>informa que a central permite o total anonimato dos denunciantes.<\/p>\n\n\n\n<p>\u201cSe voc\u00ea estiver navegando na internet, em algum grupo de&nbsp;<em>Telegram<\/em>, de&nbsp;<em>WhatsApp<\/em>, na web aberta, numa rede social ou qualquer outro&nbsp;<em>site<\/em>, e voc\u00ea identificar algum conte\u00fado com imagem de abuso sexual infantil ou imagem neonazista promovendo a incita\u00e7\u00e3o \u00e0 viol\u00eancia contra a pessoa por sua cor, etnia, religi\u00e3o, g\u00eanero, ou orienta\u00e7\u00e3o sexual, n\u00e3o ignore. Denuncie. Isso pode ser feito anonimamente atrav\u00e9s do endere\u00e7o&nbsp;<em>www.denunciar.org.br<\/em>. Basta copiar e colar o link da p\u00e1gina ou do grupo e clicar em denunciar\u201d, finalizou Tavares.<\/p>\n","protected":false},"excerpt":{"rendered":"<p>Redes sociais s\u00e3o usadas como iscas para conte\u00fado ilegal Por Elaine Patricia Cruz \u2013 Rep\u00f3rter<\/p>\n","protected":false},"author":2,"featured_media":98947,"comment_status":"open","ping_status":"open","sticky":false,"template":"","format":"standard","meta":{"footnotes":""},"categories":[17],"tags":[],"class_list":["post-98945","post","type-post","status-publish","format-standard","has-post-thumbnail","hentry","category-outras-noticias"],"_links":{"self":[{"href":"https:\/\/tvc16.com\/portal\/wp-json\/wp\/v2\/posts\/98945","targetHints":{"allow":["GET"]}}],"collection":[{"href":"https:\/\/tvc16.com\/portal\/wp-json\/wp\/v2\/posts"}],"about":[{"href":"https:\/\/tvc16.com\/portal\/wp-json\/wp\/v2\/types\/post"}],"author":[{"embeddable":true,"href":"https:\/\/tvc16.com\/portal\/wp-json\/wp\/v2\/users\/2"}],"replies":[{"embeddable":true,"href":"https:\/\/tvc16.com\/portal\/wp-json\/wp\/v2\/comments?post=98945"}],"version-history":[{"count":1,"href":"https:\/\/tvc16.com\/portal\/wp-json\/wp\/v2\/posts\/98945\/revisions"}],"predecessor-version":[{"id":98948,"href":"https:\/\/tvc16.com\/portal\/wp-json\/wp\/v2\/posts\/98945\/revisions\/98948"}],"wp:featuredmedia":[{"embeddable":true,"href":"https:\/\/tvc16.com\/portal\/wp-json\/wp\/v2\/media\/98947"}],"wp:attachment":[{"href":"https:\/\/tvc16.com\/portal\/wp-json\/wp\/v2\/media?parent=98945"}],"wp:term":[{"taxonomy":"category","embeddable":true,"href":"https:\/\/tvc16.com\/portal\/wp-json\/wp\/v2\/categories?post=98945"},{"taxonomy":"post_tag","embeddable":true,"href":"https:\/\/tvc16.com\/portal\/wp-json\/wp\/v2\/tags?post=98945"}],"curies":[{"name":"wp","href":"https:\/\/api.w.org\/{rel}","templated":true}]}}