{"id":98952,"date":"2025-02-12T06:00:00","date_gmt":"2025-02-12T09:00:00","guid":{"rendered":"https:\/\/tvc16.com\/portal\/?p=98952"},"modified":"2025-02-11T11:40:19","modified_gmt":"2025-02-11T14:40:19","slug":"comac-mais-volei-em-parceria-com-projeto-volei-petropolis-retorna-aulas-esta-semana-e-reforca-beneficios-do-esporte-para-a-juventude","status":"publish","type":"post","link":"https:\/\/tvc16.com\/portal\/2025\/02\/12\/comac-mais-volei-em-parceria-com-projeto-volei-petropolis-retorna-aulas-esta-semana-e-reforca-beneficios-do-esporte-para-a-juventude\/","title":{"rendered":"Comac mais V\u00f4lei, em parceria com Projeto V\u00f4lei Petr\u00f3polis, retorna aulas esta semana e refor\u00e7a benef\u00edcios do esporte para a juventude"},"content":{"rendered":"\n<p><em>Projeto da professora M\u00e1rcia Ver\u00f4nica estimula a pr\u00e1tica esportiva, promove inclus\u00e3o e transforma vidas<\/em><\/p>\n\n\n\n<p>Nesta segunda-feira (10\/02) o Comac mais V\u00f4lei, em parceria com Projeto V\u00f4lei Petr\u00f3polis, retomou suas aulas na Comac, trazendo de volta a empolga\u00e7\u00e3o dos alunos da rede p\u00fablica, com idades entre 12 e 17 anos para as quadras da institui\u00e7\u00e3o. Sob a coordena\u00e7\u00e3o da professora M\u00e1rcia Ver\u00f4nica, o projeto vai al\u00e9m do ensino dos fundamentos do voleibol, proporcionando desenvolvimento f\u00edsico, social e emocional para os adolescentes.<\/p>\n\n\n\n<p>A alta demanda pelo esporte reflete sua popularidade e impacto na forma\u00e7\u00e3o dos jovens. As aulas s\u00e3o planejadas para atender diferentes n\u00edveis \u2013 iniciantes, intermedi\u00e1rios e avan\u00e7ados \u2013, garantindo um aprendizado cont\u00ednuo e adaptado \u00e0s necessidades de cada aluno. Al\u00e9m das pr\u00e1ticas regulares, o projeto organiza festivais, jogos internos e interc\u00e2mbios com outros polos, fortalecendo a integra\u00e7\u00e3o e o esp\u00edrito esportivo.<\/p>\n\n\n\n<p>O v\u00f4lei, como atividade f\u00edsica, \u00e9 um aliado fundamental para a sa\u00fade. \u201cO esporte funciona como uma \u2018poli p\u00edlula\u2019 do bem, pois beneficia o corpo e a mente, promovendo qualidade de vida e prevenindo doen\u00e7as causadas pelo sedentarismo\u201d, explica a professora M\u00e1rcia Ver\u00f4nica.<\/p>\n\n\n\n<p>Al\u00e9m dos ganhos f\u00edsicos, a atividade esportiva desempenha um papel essencial na sa\u00fade mental, como destaca a psic\u00f3loga da Comac, Teresa Cristina Lisboa. \u201cA pr\u00e1tica de esportes como o v\u00f4lei estimula a conviv\u00eancia em grupo, fortalece la\u00e7os sociais e contribui para o bem-estar emocional. Durante a atividade f\u00edsica, o organismo libera horm\u00f4nios como endorfina, serotonina e dopamina, que reduzem o estresse, aumentam a sensa\u00e7\u00e3o de prazer e ajudam no controle da ansiedade e da depress\u00e3o\u201d, afirma a psic\u00f3loga.<\/p>\n\n\n\n<p>Com um olhar voltado para a inclus\u00e3o, o projeto tamb\u00e9m busca oferecer oportunidades para crian\u00e7as e adolescentes em situa\u00e7\u00e3o de vulnerabilidade social. \u201cO v\u00f4lei pode ser praticado por todas as idades e adaptado para pessoas com defici\u00eancia, garantindo que todos tenham acesso aos benef\u00edcios do esporte\u201d, destaca a professora M\u00e1rcia Ver\u00f4nica.<\/p>\n\n\n\n<p>Para expandir seu alcance e manter a gratuidade das aulas, o V\u00f4lei Petr\u00f3polis busca novos patrocinadores que acreditem no poder transformador do esporte. \u201cNosso desejo \u00e9 continuar esse trabalho por muitos anos, proporcionando mais oportunidades e impactando positivamente a vida de muitas crian\u00e7as e adolescentes\u201d, finaliza M\u00e1rcia Ver\u00f4nica.<\/p>\n","protected":false},"excerpt":{"rendered":"<p>Projeto da professora M\u00e1rcia Ver\u00f4nica estimula a pr\u00e1tica esportiva, promove inclus\u00e3o e transforma vidas Nesta<\/p>\n","protected":false},"author":2,"featured_media":98953,"comment_status":"open","ping_status":"open","sticky":false,"template":"","format":"standard","meta":{"footnotes":""},"categories":[12],"tags":[],"class_list":["post-98952","post","type-post","status-publish","format-standard","has-post-thumbnail","hentry","category-cidade"],"_links":{"self":[{"href":"https:\/\/tvc16.com\/portal\/wp-json\/wp\/v2\/posts\/98952","targetHints":{"allow":["GET"]}}],"collection":[{"href":"https:\/\/tvc16.com\/portal\/wp-json\/wp\/v2\/posts"}],"about":[{"href":"https:\/\/tvc16.com\/portal\/wp-json\/wp\/v2\/types\/post"}],"author":[{"embeddable":true,"href":"https:\/\/tvc16.com\/portal\/wp-json\/wp\/v2\/users\/2"}],"replies":[{"embeddable":true,"href":"https:\/\/tvc16.com\/portal\/wp-json\/wp\/v2\/comments?post=98952"}],"version-history":[{"count":1,"href":"https:\/\/tvc16.com\/portal\/wp-json\/wp\/v2\/posts\/98952\/revisions"}],"predecessor-version":[{"id":98954,"href":"https:\/\/tvc16.com\/portal\/wp-json\/wp\/v2\/posts\/98952\/revisions\/98954"}],"wp:featuredmedia":[{"embeddable":true,"href":"https:\/\/tvc16.com\/portal\/wp-json\/wp\/v2\/media\/98953"}],"wp:attachment":[{"href":"https:\/\/tvc16.com\/portal\/wp-json\/wp\/v2\/media?parent=98952"}],"wp:term":[{"taxonomy":"category","embeddable":true,"href":"https:\/\/tvc16.com\/portal\/wp-json\/wp\/v2\/categories?post=98952"},{"taxonomy":"post_tag","embeddable":true,"href":"https:\/\/tvc16.com\/portal\/wp-json\/wp\/v2\/tags?post=98952"}],"curies":[{"name":"wp","href":"https:\/\/api.w.org\/{rel}","templated":true}]}}