{"id":98955,"date":"2025-02-11T11:50:50","date_gmt":"2025-02-11T14:50:50","guid":{"rendered":"https:\/\/tvc16.com\/portal\/?p=98955"},"modified":"2025-02-11T11:51:33","modified_gmt":"2025-02-11T14:51:33","slug":"homem-e-preso-em-flagrante-acusado-de-furtar-agua-em-itaipava","status":"publish","type":"post","link":"https:\/\/tvc16.com\/portal\/2025\/02\/11\/homem-e-preso-em-flagrante-acusado-de-furtar-agua-em-itaipava\/","title":{"rendered":"Homem \u00e9 preso em flagrante acusado de furtar \u00e1gua em Itaipava"},"content":{"rendered":"\n<p>No in\u00edcio da tarde desta segunda-feira (10), um homem foi preso em Itaipava acusado de furtar \u00e1gua. Na ocasi\u00e3o, Policiais Civis da 106\u00aa Delegacia de Pol\u00edcia prenderam o homem em flagrante, ap\u00f3s receberem uma den\u00fancia da empresa \u00c1guas do Imperador.<\/p>\n\n\n\n<p>A distribuidora fez uma constata\u00e7\u00e3o t\u00e9cnica, ap\u00f3s uma vistoria no local, que identificou uma redu\u00e7\u00e3o significativa no consumo de \u00e1gua. Durante a opera\u00e7\u00e3o, os t\u00e9cnicos da \u00c1guas do Imperador verificaram que havia um objeto inserido no hidr\u00f4metro impedindo o real registro do consumo de \u00e1gua.<\/p>\n\n\n\n<p>Diante da constata\u00e7\u00e3o da irregularidade, o acusado foi conduzido \u00e0 106\u00aa DP. Peritos tamb\u00e9m foram acionados para realizarem uma an\u00e1lise no equipamento, constatando o ato criminoso.<\/p>\n","protected":false},"excerpt":{"rendered":"<p>No in\u00edcio da tarde desta segunda-feira (10), um homem foi preso em Itaipava acusado de<\/p>\n","protected":false},"author":2,"featured_media":98958,"comment_status":"open","ping_status":"open","sticky":false,"template":"","format":"standard","meta":{"footnotes":""},"categories":[12],"tags":[],"class_list":["post-98955","post","type-post","status-publish","format-standard","has-post-thumbnail","hentry","category-cidade"],"_links":{"self":[{"href":"https:\/\/tvc16.com\/portal\/wp-json\/wp\/v2\/posts\/98955","targetHints":{"allow":["GET"]}}],"collection":[{"href":"https:\/\/tvc16.com\/portal\/wp-json\/wp\/v2\/posts"}],"about":[{"href":"https:\/\/tvc16.com\/portal\/wp-json\/wp\/v2\/types\/post"}],"author":[{"embeddable":true,"href":"https:\/\/tvc16.com\/portal\/wp-json\/wp\/v2\/users\/2"}],"replies":[{"embeddable":true,"href":"https:\/\/tvc16.com\/portal\/wp-json\/wp\/v2\/comments?post=98955"}],"version-history":[{"count":1,"href":"https:\/\/tvc16.com\/portal\/wp-json\/wp\/v2\/posts\/98955\/revisions"}],"predecessor-version":[{"id":98957,"href":"https:\/\/tvc16.com\/portal\/wp-json\/wp\/v2\/posts\/98955\/revisions\/98957"}],"wp:featuredmedia":[{"embeddable":true,"href":"https:\/\/tvc16.com\/portal\/wp-json\/wp\/v2\/media\/98958"}],"wp:attachment":[{"href":"https:\/\/tvc16.com\/portal\/wp-json\/wp\/v2\/media?parent=98955"}],"wp:term":[{"taxonomy":"category","embeddable":true,"href":"https:\/\/tvc16.com\/portal\/wp-json\/wp\/v2\/categories?post=98955"},{"taxonomy":"post_tag","embeddable":true,"href":"https:\/\/tvc16.com\/portal\/wp-json\/wp\/v2\/tags?post=98955"}],"curies":[{"name":"wp","href":"https:\/\/api.w.org\/{rel}","templated":true}]}}