{"id":98959,"date":"2025-02-12T08:20:00","date_gmt":"2025-02-12T11:20:00","guid":{"rendered":"https:\/\/tvc16.com\/portal\/?p=98959"},"modified":"2025-02-12T08:25:36","modified_gmt":"2025-02-12T11:25:36","slug":"piloto-de-petropolis-fara-estreia-na-copa-ecpa-de-automobilismo","status":"publish","type":"post","link":"https:\/\/tvc16.com\/portal\/2025\/02\/12\/piloto-de-petropolis-fara-estreia-na-copa-ecpa-de-automobilismo\/","title":{"rendered":"Piloto de Petr\u00f3polis far\u00e1 estreia na Copa ECPA de Automobilismo"},"content":{"rendered":"\n<p><em>Foto: Marcos Foto<br><\/em><br>O piloto de Petr\u00f3polis, Matheus Theisen, j\u00e1 tem data marcada para sua estreia na Copa ECPA de Automobilismo: ser\u00e1 no dia 22 de fevereiro, no Esporte Clube Piracicabano, em Piracicaba. Aos 28 anos, Matheus disputar\u00e1 sua segunda competi\u00e7\u00e3o profissional e est\u00e1 em busca de bons resultados nesta nova etapa.<\/p>\n\n\n\n<p>A oportunidade de competir na Copa ECPA chegou ap\u00f3s uma temporada de 2024 muito especial para Matheus. No ano passado, ele foi campe\u00e3o da F\u00f3rmula Vee Open, sua primeira competi\u00e7\u00e3o nas pistas. O grid (lista de pilotos) ainda n\u00e3o foi confirmado, por\u00e9m Copa ECPA \u00e9 uma categoria superior, com cerca de oito pilotos competindo, e as corridas t\u00eam 16 voltas. O vencedor da temporada ser\u00e1 aquele que somar mais pontos nas etapas.<\/p>\n\n\n\n<p>Prepara\u00e7\u00e3o intensa para a temporada 2025<\/p>\n\n\n\n<p>O primeiro treino de reconhecimento da pista ocorrer\u00e1 no s\u00e1bado, dia 15 de fevereiro. Matheus falou sobre sua rotina de prepara\u00e7\u00e3o: &#8220;Tenho me preparado bastante fisicamente e mantendo a rotina de exerc\u00edcios. Na prepara\u00e7\u00e3o mental, que julgo ser a mais importante, fa\u00e7o treinos no simulador em situa\u00e7\u00f5es de corrida, al\u00e9m de estudar as c\u00e2meras onboard da minha temporada do ano passado para buscar melhorias para 2025.&#8221;<\/p>\n\n\n\n<p>Apesar de ser um dos pilotos mais jovens da categoria, as expectativas s\u00e3o altas para Matheus, principalmente depois de sua vit\u00f3ria em duas das tr\u00eas corridas que disputou em 2024. \u201cOs advers\u00e1rios s\u00e3o mais experientes do que no Open, e isso aumenta o n\u00edvel de dificuldade. Mas alguns ajustes podem ser feitos no carro da Copa ECPA, coisa que n\u00e3o era permitida no campeonato do ano passado. Isso pode ser um diferencial para os resultados\u201d, afirmou Matheus.<\/p>\n\n\n\n<p>O treino de classifica\u00e7\u00e3o tamb\u00e9m ser\u00e1 no dia 22 de fevereiro, e Matheus tem o objetivo de ganhar mais experi\u00eancia, com o foco no p\u00f3dio. A largada da corrida ser\u00e1 definida pela organiza\u00e7\u00e3o, e a disputa poder\u00e1 ser acompanhada ao vivo no canal do YouTube da F\u00f3rmula Vee Brazil.<\/p>\n\n\n\n<p>A paix\u00e3o pelo automobilismo<\/p>\n\n\n\n<p>Desde a inf\u00e2ncia, Matheus tem uma grande paix\u00e3o pelo automobilismo, assistindo as corridas com o pai, Francisco Theisen, um dos maiores incentivadores para o in\u00edcio da carreira, e que evoluiu para torneios virtuais e corridas de kart. Sempre com o apoio da fam\u00edlia e amigos, ele agora se dedica para transformar seu sonho de inf\u00e2ncia em uma realidade, com muitos p\u00f3dios. \u201cEste ano pode ser o mais importante da minha carreira. Provavelmente, ser\u00e1 meu \u00faltimo ano na F\u00f3rmula Vee, antes de mudar para outra categoria no pr\u00f3ximo ano. Quero aproveitar essa temporada ao m\u00e1ximo e aprender muito\u201d, conclui.<\/p>\n","protected":false},"excerpt":{"rendered":"<p>Foto: Marcos FotoO piloto de Petr\u00f3polis, Matheus Theisen, j\u00e1 tem data marcada para sua estreia<\/p>\n","protected":false},"author":2,"featured_media":98960,"comment_status":"open","ping_status":"open","sticky":false,"template":"","format":"standard","meta":{"footnotes":""},"categories":[12],"tags":[],"class_list":["post-98959","post","type-post","status-publish","format-standard","has-post-thumbnail","hentry","category-cidade"],"_links":{"self":[{"href":"https:\/\/tvc16.com\/portal\/wp-json\/wp\/v2\/posts\/98959","targetHints":{"allow":["GET"]}}],"collection":[{"href":"https:\/\/tvc16.com\/portal\/wp-json\/wp\/v2\/posts"}],"about":[{"href":"https:\/\/tvc16.com\/portal\/wp-json\/wp\/v2\/types\/post"}],"author":[{"embeddable":true,"href":"https:\/\/tvc16.com\/portal\/wp-json\/wp\/v2\/users\/2"}],"replies":[{"embeddable":true,"href":"https:\/\/tvc16.com\/portal\/wp-json\/wp\/v2\/comments?post=98959"}],"version-history":[{"count":1,"href":"https:\/\/tvc16.com\/portal\/wp-json\/wp\/v2\/posts\/98959\/revisions"}],"predecessor-version":[{"id":98961,"href":"https:\/\/tvc16.com\/portal\/wp-json\/wp\/v2\/posts\/98959\/revisions\/98961"}],"wp:featuredmedia":[{"embeddable":true,"href":"https:\/\/tvc16.com\/portal\/wp-json\/wp\/v2\/media\/98960"}],"wp:attachment":[{"href":"https:\/\/tvc16.com\/portal\/wp-json\/wp\/v2\/media?parent=98959"}],"wp:term":[{"taxonomy":"category","embeddable":true,"href":"https:\/\/tvc16.com\/portal\/wp-json\/wp\/v2\/categories?post=98959"},{"taxonomy":"post_tag","embeddable":true,"href":"https:\/\/tvc16.com\/portal\/wp-json\/wp\/v2\/tags?post=98959"}],"curies":[{"name":"wp","href":"https:\/\/api.w.org\/{rel}","templated":true}]}}