{"id":98962,"date":"2025-02-11T14:55:07","date_gmt":"2025-02-11T17:55:07","guid":{"rendered":"https:\/\/tvc16.com\/portal\/?p=98962"},"modified":"2025-02-11T14:55:09","modified_gmt":"2025-02-11T17:55:09","slug":"rua-no-centro-de-teresopolis-e-interditada-para-obras-de-nova-rede-de-agua","status":"publish","type":"post","link":"https:\/\/tvc16.com\/portal\/2025\/02\/11\/rua-no-centro-de-teresopolis-e-interditada-para-obras-de-nova-rede-de-agua\/","title":{"rendered":"Rua no centro de Teres\u00f3polis \u00e9 interditada para obras de nova rede de \u00e1gua"},"content":{"rendered":"\n<p>A Prefeitura de Teres\u00f3polis, por meio da Secretaria de Seguran\u00e7a, Ordem P\u00fablica e Mobilidade, informa que a Rua Emille Ducumunn, na V\u00e1rzea, est\u00e1 interditada para a passagem de ve\u00edculos. O motivo \u00e9 a obra realizada pela \u00c1guas da Imperatriz para a implanta\u00e7\u00e3o de novas redes de \u00e1gua.&nbsp;A interven\u00e7\u00e3o tem como objetivo modernizar e ampliar o sistema de abastecimento da cidade.<\/p>\n\n\n\n<p>De acordo com comunicado da empresa, as obras ser\u00e3o realizadas de segunda a sexta-feira, das 7h \u00e0s 17h. Em situa\u00e7\u00f5es pontuais, poder\u00e3o ocorrer interven\u00e7\u00f5es aos finais de semana.<\/p>\n\n\n\n<p>O aviso segue informando que algumas ruas poder\u00e3o ser interditadas parcialmente durante esse per\u00edodo. Caso isso ocorra, a concession\u00e1ria far\u00e1 a&nbsp;comunica\u00e7\u00e3o com anteced\u00eancia. Toda a \u00e1rea onde os servi\u00e7os forem realizados ser\u00e1 devidamente sinalizada pela empresa.<\/p>\n\n\n\n<p>Al\u00e9m da Rua Emille Ducumunn, outras vias do Centro da cidade receber\u00e3o as novas redes: Avenida L\u00facio Meira (em ambos os lados), Rua Edmundo Bittencourt, Rua Francisco S\u00e1, Avenida Jos\u00e9 Joaquim de Ara\u00fajo Regadas (Parque Regadas), Servid\u00e3o Galeria dos Trabalhadores\/Rua Waldir Barbosa Moreira (Rodovi\u00e1ria) e Rua Nilza Chiapeta Fadigas.<\/p>\n\n\n\n<p>Os servi\u00e7os t\u00eam previs\u00e3o de conclus\u00e3o em at\u00e9 120 dias.<\/p>\n\n\n\n<p>Arte: PMT<\/p>\n","protected":false},"excerpt":{"rendered":"<p>A Prefeitura de Teres\u00f3polis, por meio da Secretaria de Seguran\u00e7a, Ordem P\u00fablica e Mobilidade, informa<\/p>\n","protected":false},"author":2,"featured_media":98963,"comment_status":"open","ping_status":"open","sticky":false,"template":"","format":"standard","meta":{"footnotes":""},"categories":[17],"tags":[],"class_list":["post-98962","post","type-post","status-publish","format-standard","has-post-thumbnail","hentry","category-outras-noticias"],"_links":{"self":[{"href":"https:\/\/tvc16.com\/portal\/wp-json\/wp\/v2\/posts\/98962","targetHints":{"allow":["GET"]}}],"collection":[{"href":"https:\/\/tvc16.com\/portal\/wp-json\/wp\/v2\/posts"}],"about":[{"href":"https:\/\/tvc16.com\/portal\/wp-json\/wp\/v2\/types\/post"}],"author":[{"embeddable":true,"href":"https:\/\/tvc16.com\/portal\/wp-json\/wp\/v2\/users\/2"}],"replies":[{"embeddable":true,"href":"https:\/\/tvc16.com\/portal\/wp-json\/wp\/v2\/comments?post=98962"}],"version-history":[{"count":1,"href":"https:\/\/tvc16.com\/portal\/wp-json\/wp\/v2\/posts\/98962\/revisions"}],"predecessor-version":[{"id":98964,"href":"https:\/\/tvc16.com\/portal\/wp-json\/wp\/v2\/posts\/98962\/revisions\/98964"}],"wp:featuredmedia":[{"embeddable":true,"href":"https:\/\/tvc16.com\/portal\/wp-json\/wp\/v2\/media\/98963"}],"wp:attachment":[{"href":"https:\/\/tvc16.com\/portal\/wp-json\/wp\/v2\/media?parent=98962"}],"wp:term":[{"taxonomy":"category","embeddable":true,"href":"https:\/\/tvc16.com\/portal\/wp-json\/wp\/v2\/categories?post=98962"},{"taxonomy":"post_tag","embeddable":true,"href":"https:\/\/tvc16.com\/portal\/wp-json\/wp\/v2\/tags?post=98962"}],"curies":[{"name":"wp","href":"https:\/\/api.w.org\/{rel}","templated":true}]}}