{"id":98965,"date":"2025-02-11T17:28:52","date_gmt":"2025-02-11T20:28:52","guid":{"rendered":"https:\/\/tvc16.com\/portal\/?p=98965"},"modified":"2025-02-11T17:30:56","modified_gmt":"2025-02-11T20:30:56","slug":"detran-interdita-tres-ferros-velhos-durante-operacao-em-petropolis","status":"publish","type":"post","link":"https:\/\/tvc16.com\/portal\/2025\/02\/11\/detran-interdita-tres-ferros-velhos-durante-operacao-em-petropolis\/","title":{"rendered":"Detran interdita tr\u00eas ferros-velhos durante opera\u00e7\u00e3o em Petr\u00f3polis"},"content":{"rendered":"\n<p><em>Fiscaliza\u00e7\u00e3o aconteceu no Sim\u00e9ria, Madame Machado e na estrada para Teres\u00f3polis<\/em><\/p>\n\n\n\n<p>O Detran.RJ interditou tr\u00eas ferros-velhos, nesta ter\u00e7a-feira (11), em mais uma a\u00e7\u00e3o da For\u00e7a-Tarefa Opera\u00e7\u00e3o Desmonte, na Regi\u00e3o Serrana. Desta vez, o departamento realizou tr\u00eas fiscaliza\u00e7\u00f5es simult\u00e2neas em estabelecimentos, no Sim\u00e9ria (primeiro distrito), Madame Machado e em Itaipava, na estrada sentido Teres\u00f3polis. O principal problema encontrado nos tr\u00eas ferros-velhos fiscalizados \u00e9 o dep\u00f3sito irregular dos ve\u00edculos, fato que configura crime ambiental e pode gerar consequ\u00eancias legais para os propriet\u00e1rios.<\/p>\n\n\n\n<p>\u201cEsse \u00e9 um desmembramento da outra opera\u00e7\u00e3o, realizada na \u00faltima ter\u00e7a-feira (04), na qual n\u00f3s mapeamos v\u00e1rias \u00e1reas. Aqui n\u00f3s encontramos tr\u00eas locais, que se tornaram alvos da fiscaliza\u00e7\u00e3o. Os tr\u00eas t\u00eam crime ambiental ou potencial risco ambiental\u201d, disse Luiz Alberto Moreira Coelho, diretor do Degate Detran.<\/p>\n\n\n\n<p>Por conta das irregularidades ambientais, todo o material, dos tr\u00eas locais, vai ser recolhido e encaminhado para centros de reciclagem. Nos ferros-velhos foi poss\u00edvel registrar carrocerias de ve\u00edculos sobre o solo, escapamentos a c\u00e9u aberto, e pe\u00e7as pr\u00f3ximas a ribanceiras, que n\u00e3o s\u00f3 contaminam o solo, mas criam o risco de deslizamento dos materiais.<\/p>\n\n\n\n<p>O diretor ainda destacou que a quest\u00e3o ambiental n\u00e3o \u00e9 o \u00fanico problema dos estabelecimentos. \u201cNenhum desses tr\u00eas estabelecimentos possuem documento algum, nem para funcionamento, nem da origem dos ve\u00edculos. Eles n\u00e3o poderiam estar funcionando\u201d, afirmou Luiz Alberto.<\/p>\n\n\n\n<p>O Detran ainda aponta que se os donos dos ferros-velhos quiserem voltar a trabalhar, \u00e9 necess\u00e1rio que eles atendam as normas do departamento, para o cadastramento e legaliza\u00e7\u00e3o dos espa\u00e7os. \u201cSe eles n\u00e3o fizerem isso, o que n\u00e3o acredito que v\u00e3o fazer, eles v\u00e3o ficar impedidos de funcionar\u201d, disse o respons\u00e1vel pela Opera\u00e7\u00e3o Desmonte. Al\u00e9m disso, se os propriet\u00e1rios conseguirem comprovar a origem das carrocerias e pe\u00e7as, o dinheiro da reciclagem ser\u00e1 devolvido a eles pelo Detran.<\/p>\n\n\n\n<p>Diferente da a\u00e7\u00e3o realizada no dia 04 de fevereiro, nenhuma pe\u00e7a de carro proveniente de roubo ou furto, foi encontrada nos ferros velhos, por isso ningu\u00e9m foi preso. Apesar disso, um dos propriet\u00e1rios do ferro-velho \u00e0s margens do Rio S\u00e3o Francisco, em Itaipava, foi conduzido para a 106\u00aa DP (Itaipava) para prestar esclarecimentos por crime ambiental.<\/p>\n\n\n\n<p>Esta \u00e9 a segunda a\u00e7\u00e3o da for\u00e7a-tarefa na Regi\u00e3o Serrana, ap\u00f3s o mapeamento realizado pela Diretoria Geral de Atividades de Desmontagem do Detran.RJ. Um dos ferros-velhos fiscalizados nesta ter\u00e7a-feira fica \u00e0s margens do Rio S\u00e3o Francisco, em Itaipava, e funcionava em um terreno baldio na Rodovia Philuvio Cerqueira Rodrigues, 3.415, altura do quil\u00f4metro 30. A equipe recebeu den\u00fancias de que, em dias de chuvas fortes, v\u00e1rias pe\u00e7as de autom\u00f3veis v\u00e3o parar no rio, causando assoreamento e riscos \u00e0 popula\u00e7\u00e3o. O local j\u00e1 tinha sido interditado em 2022 pelo Detran.RJ e pela Pol\u00edcia Civil, por cortar autom\u00f3veis em forma irregular. Na ocasi\u00e3o, o propriet\u00e1rio foi preso em flagrante.<\/p>\n\n\n\n<p>Por Hugo Petersen\/ Fotos de Alexandre Simonini\/Detran.RJ<br><\/p>\n","protected":false},"excerpt":{"rendered":"<p>Fiscaliza\u00e7\u00e3o aconteceu no Sim\u00e9ria, Madame Machado e na estrada para Teres\u00f3polis O Detran.RJ interditou tr\u00eas<\/p>\n","protected":false},"author":2,"featured_media":98966,"comment_status":"open","ping_status":"open","sticky":false,"template":"","format":"standard","meta":{"footnotes":""},"categories":[12],"tags":[],"class_list":["post-98965","post","type-post","status-publish","format-standard","has-post-thumbnail","hentry","category-cidade"],"_links":{"self":[{"href":"https:\/\/tvc16.com\/portal\/wp-json\/wp\/v2\/posts\/98965","targetHints":{"allow":["GET"]}}],"collection":[{"href":"https:\/\/tvc16.com\/portal\/wp-json\/wp\/v2\/posts"}],"about":[{"href":"https:\/\/tvc16.com\/portal\/wp-json\/wp\/v2\/types\/post"}],"author":[{"embeddable":true,"href":"https:\/\/tvc16.com\/portal\/wp-json\/wp\/v2\/users\/2"}],"replies":[{"embeddable":true,"href":"https:\/\/tvc16.com\/portal\/wp-json\/wp\/v2\/comments?post=98965"}],"version-history":[{"count":3,"href":"https:\/\/tvc16.com\/portal\/wp-json\/wp\/v2\/posts\/98965\/revisions"}],"predecessor-version":[{"id":98970,"href":"https:\/\/tvc16.com\/portal\/wp-json\/wp\/v2\/posts\/98965\/revisions\/98970"}],"wp:featuredmedia":[{"embeddable":true,"href":"https:\/\/tvc16.com\/portal\/wp-json\/wp\/v2\/media\/98966"}],"wp:attachment":[{"href":"https:\/\/tvc16.com\/portal\/wp-json\/wp\/v2\/media?parent=98965"}],"wp:term":[{"taxonomy":"category","embeddable":true,"href":"https:\/\/tvc16.com\/portal\/wp-json\/wp\/v2\/categories?post=98965"},{"taxonomy":"post_tag","embeddable":true,"href":"https:\/\/tvc16.com\/portal\/wp-json\/wp\/v2\/tags?post=98965"}],"curies":[{"name":"wp","href":"https:\/\/api.w.org\/{rel}","templated":true}]}}