{"id":98976,"date":"2025-02-12T08:30:38","date_gmt":"2025-02-12T11:30:38","guid":{"rendered":"https:\/\/tvc16.com\/portal\/?p=98976"},"modified":"2025-02-12T08:30:40","modified_gmt":"2025-02-12T11:30:40","slug":"vendas-financiadas-de-veiculos-tem-leve-alta-em-janeiro","status":"publish","type":"post","link":"https:\/\/tvc16.com\/portal\/2025\/02\/12\/vendas-financiadas-de-veiculos-tem-leve-alta-em-janeiro\/","title":{"rendered":"Vendas financiadas de ve\u00edculos t\u00eam leve alta em janeiro"},"content":{"rendered":"\n<p><em>Resultado foi puxado pelo segmento de motos<\/em><\/p>\n\n\n\n<p>Por Bruno Bocchini &#8211; Rep\u00f3rter da Ag\u00eancia Brasil \/ Foto: Marcelo Camargo\/Ag\u00eancia Brasil<\/p>\n\n\n\n<p><\/p>\n\n\n\n<p>As vendas financiadas de ve\u00edculos no pa\u00eds totalizaram 563 mil unidades em janeiro, 0,2% acima do registrado no mesmo m\u00eas de 2024. A quantidade de ve\u00edculos financiados no primeiro m\u00eas de 2025 \u00e9 a maior da s\u00e9rie hist\u00f3rica desde 2014. Os dados, divulgados nesta ter\u00e7a-feira (11) pela B3, levam em conta ve\u00edculos novos e usados, autom\u00f3veis leves, pesados e motos.<img decoding=\"async\" src=\"https:\/\/agenciabrasil.ebc.com.br\/ebc.png?id=1629951&amp;o=node\"><img decoding=\"async\" src=\"https:\/\/agenciabrasil.ebc.com.br\/ebc.gif?id=1629951&amp;o=node\"><\/p>\n\n\n\n<p>De acordo com a B3, o segmento respons\u00e1vel por manter o resultado geral positivo foi o de motos, com um crescimento de 2,4% ante janeiro de 2024. J\u00e1 o financiamento de autom\u00f3veis leves caiu 3%, e o de ve\u00edculos pesados recuou 6,4%.<\/p>\n\n\n\n<p>&#8220;Em janeiro tivemos um cen\u00e1rio muito similar ao do ano passado. Apesar das quedas em autos leves e ve\u00edculos pesados, o segmento de motos acabou puxando o cen\u00e1rio geral para cima\u201d, destacou o gerente de Planejamento e Intelig\u00eancia de Mercado na B3, Gustavo de Oliveira Ferro.<\/p>\n\n\n\n<p>Na compara\u00e7\u00e3o com o primeiro m\u00eas de 2024, a regi\u00e3o onde mais cresceu o financiamento de ve\u00edculos em janeiro foi a Nordeste, com alta de 8,8%, seguida da Norte (8,4%). Centro-Oeste, Sudeste e Sul registraram queda de 1,2%, 2% e 4,3%, respectivamente.<br><br><\/p>\n","protected":false},"excerpt":{"rendered":"<p>Resultado foi puxado pelo segmento de motos Por Bruno Bocchini &#8211; Rep\u00f3rter da Ag\u00eancia Brasil<\/p>\n","protected":false},"author":2,"featured_media":98977,"comment_status":"open","ping_status":"open","sticky":false,"template":"","format":"standard","meta":{"footnotes":""},"categories":[17],"tags":[],"class_list":["post-98976","post","type-post","status-publish","format-standard","has-post-thumbnail","hentry","category-outras-noticias"],"_links":{"self":[{"href":"https:\/\/tvc16.com\/portal\/wp-json\/wp\/v2\/posts\/98976","targetHints":{"allow":["GET"]}}],"collection":[{"href":"https:\/\/tvc16.com\/portal\/wp-json\/wp\/v2\/posts"}],"about":[{"href":"https:\/\/tvc16.com\/portal\/wp-json\/wp\/v2\/types\/post"}],"author":[{"embeddable":true,"href":"https:\/\/tvc16.com\/portal\/wp-json\/wp\/v2\/users\/2"}],"replies":[{"embeddable":true,"href":"https:\/\/tvc16.com\/portal\/wp-json\/wp\/v2\/comments?post=98976"}],"version-history":[{"count":1,"href":"https:\/\/tvc16.com\/portal\/wp-json\/wp\/v2\/posts\/98976\/revisions"}],"predecessor-version":[{"id":98978,"href":"https:\/\/tvc16.com\/portal\/wp-json\/wp\/v2\/posts\/98976\/revisions\/98978"}],"wp:featuredmedia":[{"embeddable":true,"href":"https:\/\/tvc16.com\/portal\/wp-json\/wp\/v2\/media\/98977"}],"wp:attachment":[{"href":"https:\/\/tvc16.com\/portal\/wp-json\/wp\/v2\/media?parent=98976"}],"wp:term":[{"taxonomy":"category","embeddable":true,"href":"https:\/\/tvc16.com\/portal\/wp-json\/wp\/v2\/categories?post=98976"},{"taxonomy":"post_tag","embeddable":true,"href":"https:\/\/tvc16.com\/portal\/wp-json\/wp\/v2\/tags?post=98976"}],"curies":[{"name":"wp","href":"https:\/\/api.w.org\/{rel}","templated":true}]}}