{"id":98979,"date":"2025-02-12T08:34:22","date_gmt":"2025-02-12T11:34:22","guid":{"rendered":"https:\/\/tvc16.com\/portal\/?p=98979"},"modified":"2025-02-12T08:37:22","modified_gmt":"2025-02-12T11:37:22","slug":"plataforma-de-pequenos-servicos-conecta-meis-e-prefeituras","status":"publish","type":"post","link":"https:\/\/tvc16.com\/portal\/2025\/02\/12\/plataforma-de-pequenos-servicos-conecta-meis-e-prefeituras\/","title":{"rendered":"Plataforma de pequenos servi\u00e7os conecta MEIs e prefeituras"},"content":{"rendered":"\n<p><em>Sistema Contata+Brasil espera atrair 1 milh\u00e3o de microempreendedores<\/em><\/p>\n\n\n\n<p>Por Gabriel Brum &#8211; Rep\u00f3rter da R\u00e1dio Nacional \/ Foto: Marcelo Camargo\/Ag\u00eancia Brasil<\/p>\n\n\n\n<p><\/p>\n\n\n\n<p>Um milh\u00e3o de microempreendedores individuais devem se inscrever na plataforma para contrata\u00e7\u00e3o de pequenos servi\u00e7os pelas prefeituras. Essa \u00e9 a expectativa do governo federal para este ano com o sistema Contrata+Brasil.&nbsp;<img decoding=\"async\" src=\"https:\/\/agenciabrasil.ebc.com.br\/ebc.png?id=1629945&amp;o=node\"><img decoding=\"async\" src=\"https:\/\/agenciabrasil.ebc.com.br\/ebc.gif?id=1629945&amp;o=node\"><\/p>\n\n\n\n<p>A plataforma foi lan\u00e7ada nesta ter\u00e7a-feira (11)&nbsp;durante o Encontro Nacional de Novos Prefeitos e Prefeitas \u2013 Governo Federal Fortalecendo os Munic\u00edpios, que est\u00e1 sendo realizado no Centro de Conven\u00e7\u00f5es Ulysses Guimar\u00e3es, em Bras\u00edlia.<\/p>\n\n\n\n<p>O projeto foi baseado em uma experi\u00eancia da cidade do Recife. Na plataforma, as prefeituras anunciam servi\u00e7os de at\u00e9 R$&nbsp;12,5 mil, que n\u00e3o precisam de licita\u00e7\u00e3o, como um pequeno reparo em uma creche ou conserto de ar-condicionado. Os microempreendedores cadastrados recebem um alertas no celular e, pelo aparelho, decidem se aceitam o servi\u00e7o.<\/p>\n\n\n\n<p>De acordo com o ministro do&nbsp;Empreendedorismo, da Microempresa e da Empresa de Pequeno Porte, M\u00e1rcio Fran\u00e7a, os governos federal, estaduais e municipais, estaduais gastam por ano mais Fran\u00e7a destacou que h\u00e1 um potencial grande, j\u00e1 que o pa\u00eds tem hoje 16 milh\u00f5es de microempreendedores individuais, mas apenas 70 mil s\u00e3o contratados por \u00f3rg\u00e3os p\u00fablicos.<br><br>Um dos objetivos do novo programa \u00e9 aumentar a formaliza\u00e7\u00e3o. &#8220;Isso permite que a pessoa fa\u00e7a uma contrata\u00e7\u00e3o muito r\u00e1pida e muito mais f\u00e1cil, porque n\u00e3o tem aquele processo licitat\u00f3rio. Os MEIs [microempreendedores individuais] t\u00eam esse privil\u00e9gio de ter uma legisla\u00e7\u00e3o especial, e faltava exatamente um portal que permitisse isso\u201d, disse o ministro.<\/p>\n\n\n\n<p>A plataforma j\u00e1 est\u00e1 aberta e pode receber inscri\u00e7\u00e3o de MEIs e das oportunidades oferecidas pelas prefeituras. O Contrata+Brasil pode ser acessado&nbsp;<a href=\"http:\/\/gov.br\/contratamaisbrasil\" target=\"_blank\" rel=\"noreferrer noopener\">neste endere\u00e7o<\/a>.<br><br><\/p>\n","protected":false},"excerpt":{"rendered":"<p>Sistema Contata+Brasil espera atrair 1 milh\u00e3o de microempreendedores Por Gabriel Brum &#8211; Rep\u00f3rter da R\u00e1dio<\/p>\n","protected":false},"author":2,"featured_media":98982,"comment_status":"open","ping_status":"open","sticky":false,"template":"","format":"standard","meta":{"footnotes":""},"categories":[17],"tags":[],"class_list":["post-98979","post","type-post","status-publish","format-standard","has-post-thumbnail","hentry","category-outras-noticias"],"_links":{"self":[{"href":"https:\/\/tvc16.com\/portal\/wp-json\/wp\/v2\/posts\/98979","targetHints":{"allow":["GET"]}}],"collection":[{"href":"https:\/\/tvc16.com\/portal\/wp-json\/wp\/v2\/posts"}],"about":[{"href":"https:\/\/tvc16.com\/portal\/wp-json\/wp\/v2\/types\/post"}],"author":[{"embeddable":true,"href":"https:\/\/tvc16.com\/portal\/wp-json\/wp\/v2\/users\/2"}],"replies":[{"embeddable":true,"href":"https:\/\/tvc16.com\/portal\/wp-json\/wp\/v2\/comments?post=98979"}],"version-history":[{"count":1,"href":"https:\/\/tvc16.com\/portal\/wp-json\/wp\/v2\/posts\/98979\/revisions"}],"predecessor-version":[{"id":98980,"href":"https:\/\/tvc16.com\/portal\/wp-json\/wp\/v2\/posts\/98979\/revisions\/98980"}],"wp:featuredmedia":[{"embeddable":true,"href":"https:\/\/tvc16.com\/portal\/wp-json\/wp\/v2\/media\/98982"}],"wp:attachment":[{"href":"https:\/\/tvc16.com\/portal\/wp-json\/wp\/v2\/media?parent=98979"}],"wp:term":[{"taxonomy":"category","embeddable":true,"href":"https:\/\/tvc16.com\/portal\/wp-json\/wp\/v2\/categories?post=98979"},{"taxonomy":"post_tag","embeddable":true,"href":"https:\/\/tvc16.com\/portal\/wp-json\/wp\/v2\/tags?post=98979"}],"curies":[{"name":"wp","href":"https:\/\/api.w.org\/{rel}","templated":true}]}}