{"id":98986,"date":"2025-02-12T08:43:06","date_gmt":"2025-02-12T11:43:06","guid":{"rendered":"https:\/\/tvc16.com\/portal\/?p=98986"},"modified":"2025-02-12T08:43:09","modified_gmt":"2025-02-12T11:43:09","slug":"uso-de-internet-por-criancas-entre-6-e-8-anos-dobrou-na-ultima-decada","status":"publish","type":"post","link":"https:\/\/tvc16.com\/portal\/2025\/02\/12\/uso-de-internet-por-criancas-entre-6-e-8-anos-dobrou-na-ultima-decada\/","title":{"rendered":"Uso de internet por crian\u00e7as entre 6 e 8 anos dobrou na \u00faltima d\u00e9cada"},"content":{"rendered":"\n<p><em>Pandemia intensificou a utiliza\u00e7\u00e3o de tecnologias digitais\u00a0<\/em><\/p>\n\n\n\n<p>Por Elaine Patricia Cruz \u2013 Rep\u00f3rter da Ag\u00eancia Brasil \/ Foto: Isac Nobrega\/ PR<br><\/p>\n\n\n\n<p>Nos \u00faltimos dez anos, o uso de internet e a posse de aparelho celular cresceram entre as crian\u00e7as brasileiras at\u00e9 8 anos. Considerando-se a faixa et\u00e1ria de 0 a 2 anos, a propor\u00e7\u00e3o de crian\u00e7as usu\u00e1rias de internet saltou de 9% em 2015 para 44% no ano passado. J\u00e1 na faixa et\u00e1ria de 3 a 5 anos, o salto foi de 26% para 71% no mesmo per\u00edodo e, entre 6 e 8 anos, o uso dobrou, passando de 41% para 82%.&nbsp;<img decoding=\"async\" src=\"https:\/\/agenciabrasil.ebc.com.br\/ebc.png?id=1629875&amp;o=node\"><img decoding=\"async\" src=\"https:\/\/agenciabrasil.ebc.com.br\/ebc.gif?id=1629875&amp;o=node\"><\/p>\n\n\n\n<p>Os dados est\u00e3o no&nbsp;<a href=\"https:\/\/cetic.br\/pt\/publicacao\/estatisticas-tic-para-criancas-de-0-a-8-anos-de-idade\/\">estudo in\u00e9dito<\/a>&nbsp;produzido pelo Centro Regional de Estudos para o Desenvolvimento da Sociedade da Informa\u00e7\u00e3o (Cetic.br), departamento do N\u00facleo de Informa\u00e7\u00e3o e Coordena\u00e7\u00e3o do Ponto BR (NIC.br), que foi lan\u00e7ado nesta ter\u00e7a-feira (11), durante o Dia da Internet Segura, que est\u00e1 sendo celebrado em um evento na capital paulista. O estudo foi feito com base nas pesquisas TIC Domic\u00edlios e TIC Kids Online Brasil referentes ao per\u00edodo entre 2015 e 2024.<\/p>\n\n\n\n<p>\u201cEsse dado precisa ser melhor investigado no futuro para a gente entender quais s\u00e3o os tipos de uso. A gente sabe que muitas vezes esse uso \u00e9 para assistir programas ou conte\u00fados, n\u00e3o necessariamente \u00e9 um uso muito ativo da internet. Mas isso j\u00e1 mostra que a tecnologia est\u00e1 presente nos domic\u00edlios para essa faixa et\u00e1ria\u201d, explica o coordenador-geral de pesquisas do Cetic.br, F\u00e1bio Senne.<\/p>\n\n\n\n<p>A propor\u00e7\u00e3o de crian\u00e7as que possu\u00edam celular pr\u00f3prio subiu entre 2015 e 2024: de 3% para 5% na faixa de 0 a 2 anos; de 6% para 20% na de 3 a 5 anos e de 18% para 36% na faixa et\u00e1ria de 6 a 8 anos.<\/p>\n\n\n\n<p>No caso do computador, no entanto, aconteceu o contr\u00e1rio. Em 2015, 26% das crian\u00e7as de 3 a 5 anos e 39% das de 6 a 8 anos utilizavam esse tipo de equipamento. Em 2024, as propor\u00e7\u00f5es diminu\u00edram para 17% e 26%, respectivamente.<\/p>\n\n\n\n<h2 class=\"wp-block-heading\">Diferen\u00e7as entre classes sociais<\/h2>\n\n\n\n<p>O estudo apontou ainda que o uso de tecnologias digitais por crian\u00e7as de at\u00e9 8 anos varia conforme as condi\u00e7\u00f5es econ\u00f4micas, sendo menor entre os mais pobres. Entre as crian\u00e7as de domic\u00edlios de classes AB, por exemplo, 45% daquelas com idades de 0 a 2 anos, 90% das de 3 a 5 anos e 97% das de 6 a 8 anos foram usu\u00e1rias da internet em 2024. Na classe C, as porcentagens foram de 47%, 77% e 88%, respectivamente. J\u00e1 entre as de classes DE, os mesmos indicadores somaram 40%, 60% e 69%.<\/p>\n\n\n\n<p>O mesmo acontece quando se verificam as diferen\u00e7as quanto \u00e0 posse de aparelho celular. Na faixa de 0 a 2 anos, as propor\u00e7\u00f5es das crian\u00e7as que t\u00eam o dispositivo correspondem a 11% (classes AB), enquanto nas classes D e E isso representava apenas 4%.<\/p>\n\n\n\n<p>Quando se considera a faixa et\u00e1ria entre 3 e 5 anos, a propor\u00e7\u00e3o variava entre 26% (classes AB) a 13% (classes DE). Na faixa et\u00e1ria de crian\u00e7as entre 6 e 8 anos, a posse de celular corresponde a 40% nas classes AB, 42% (classe C) e 27% (classes DE).<\/p>\n\n\n\n<h2 class=\"wp-block-heading\">Pandemia&nbsp;<\/h2>\n\n\n\n<p>Tanto o uso quanto a posse de celular foram intensificados nessa faixa et\u00e1ria com a pandemia do novo coronav\u00edrus. \u201c\u00c9 interessante notar como a pandemia acabou provocando um novo patamar. Houve crescimento em todo o per\u00edodo [de dez anos], mas o crescimento entre pr\u00e9 e p\u00f3s pandemia acabou colocando isso em um patamar acima, com crian\u00e7as a partir dos 3 anos j\u00e1 tendo seu pr\u00f3prio dispositivo\u201d, disse Senne.&nbsp;<\/p>\n\n\n\n<p>Quanto \u00e0 posse do aparelho, houve uma grande mudan\u00e7a no per\u00edodo antes e ap\u00f3s a pandemia. Os n\u00fameros ficaram est\u00e1veis de 2015 a 2019, cresceram em 2021 e voltaram a se estabilizar em patamar mais elevado at\u00e9 2024. As varia\u00e7\u00f5es mais significativas foram verificadas nas faixas de 3 a 5 anos, que passou de 12% em 2019 para 19% em 2021, e na de 6 a 8 anos, que subiu de 22% para 33% em 2021 no mesmo per\u00edodo.<\/p>\n\n\n\n<p>\u201cOs celulares viraram dispositivos mais do dia a dia de crian\u00e7as e adolescentes, principalmente naquele momento ali de restri\u00e7\u00e3o. E tamb\u00e9m o acesso \u00e0 internet seguiu com um crescimento muito grande ap\u00f3s a pandemia\u201d, acrescentou o diretor.<\/p>\n\n\n\n<p>De acordo com Senne, a \u00fanica diminui\u00e7\u00e3o observada ap\u00f3s a pandemia foi com rela\u00e7\u00e3o aos computadores, sejam eles de mesa, tablets ou laptop.<\/p>\n","protected":false},"excerpt":{"rendered":"<p>Pandemia intensificou a utiliza\u00e7\u00e3o de tecnologias digitais\u00a0 Por Elaine Patricia Cruz \u2013 Rep\u00f3rter da Ag\u00eancia<\/p>\n","protected":false},"author":2,"featured_media":98987,"comment_status":"open","ping_status":"open","sticky":false,"template":"","format":"standard","meta":{"footnotes":""},"categories":[17],"tags":[],"class_list":["post-98986","post","type-post","status-publish","format-standard","has-post-thumbnail","hentry","category-outras-noticias"],"_links":{"self":[{"href":"https:\/\/tvc16.com\/portal\/wp-json\/wp\/v2\/posts\/98986","targetHints":{"allow":["GET"]}}],"collection":[{"href":"https:\/\/tvc16.com\/portal\/wp-json\/wp\/v2\/posts"}],"about":[{"href":"https:\/\/tvc16.com\/portal\/wp-json\/wp\/v2\/types\/post"}],"author":[{"embeddable":true,"href":"https:\/\/tvc16.com\/portal\/wp-json\/wp\/v2\/users\/2"}],"replies":[{"embeddable":true,"href":"https:\/\/tvc16.com\/portal\/wp-json\/wp\/v2\/comments?post=98986"}],"version-history":[{"count":1,"href":"https:\/\/tvc16.com\/portal\/wp-json\/wp\/v2\/posts\/98986\/revisions"}],"predecessor-version":[{"id":98988,"href":"https:\/\/tvc16.com\/portal\/wp-json\/wp\/v2\/posts\/98986\/revisions\/98988"}],"wp:featuredmedia":[{"embeddable":true,"href":"https:\/\/tvc16.com\/portal\/wp-json\/wp\/v2\/media\/98987"}],"wp:attachment":[{"href":"https:\/\/tvc16.com\/portal\/wp-json\/wp\/v2\/media?parent=98986"}],"wp:term":[{"taxonomy":"category","embeddable":true,"href":"https:\/\/tvc16.com\/portal\/wp-json\/wp\/v2\/categories?post=98986"},{"taxonomy":"post_tag","embeddable":true,"href":"https:\/\/tvc16.com\/portal\/wp-json\/wp\/v2\/tags?post=98986"}],"curies":[{"name":"wp","href":"https:\/\/api.w.org\/{rel}","templated":true}]}}