{"id":98997,"date":"2025-02-12T09:43:12","date_gmt":"2025-02-12T12:43:12","guid":{"rendered":"https:\/\/tvc16.com\/portal\/?p=98997"},"modified":"2025-02-12T09:43:15","modified_gmt":"2025-02-12T12:43:15","slug":"prefeitura-faz-manutencao-de-emergencia-em-rede-fluvial-no-dr-thouzet","status":"publish","type":"post","link":"https:\/\/tvc16.com\/portal\/2025\/02\/12\/prefeitura-faz-manutencao-de-emergencia-em-rede-fluvial-no-dr-thouzet\/","title":{"rendered":"Prefeitura faz manuten\u00e7\u00e3o de emerg\u00eancia em rede fluvial no Dr. Thouzet"},"content":{"rendered":"\n<p><em>O trabalho feito pela secretaria de Obras vai gerar interdi\u00e7\u00e3o no tr\u00e2nsito e mudan\u00e7a no itiner\u00e1rio de linhas de \u00f4nibus<\/em><\/p>\n\n\n\n<p>A Prefeitura inicia nesta ter\u00e7a-feira (11), a partir de 13h, o trabalho de manuten\u00e7\u00e3o emergencial da rede fluvial na rua Dr. Thouzet, no Quitandinha. Essa interven\u00e7\u00e3o, realizada pela secretaria de Obras, vai gerar a interdi\u00e7\u00e3o total da via ao longo do dia. Tamb\u00e9m haver\u00e1 impacto na opera\u00e7\u00e3o das linhas de \u00f4nibus que atendem \u00e0 regi\u00e3o.<\/p>\n\n\n\n<p>\u201cA gente vai fazer a substitui\u00e7\u00e3o das manilhas que romperam no trecho e causaram o afundamento da via. A manuten\u00e7\u00e3o era necess\u00e1ria, para que a situa\u00e7\u00e3o na via n\u00e3o se agravasse mais\u201d, explica o secret\u00e1rio de Obras, Maur\u00edcio Veiga.<\/p>\n\n\n\n<p>Por conta do trabalho no trecho do n\u00famero 1.220, motoristas v\u00e3o precisar buscar rotas alternativas pelo Valpara\u00edso. A interven\u00e7\u00e3o tamb\u00e9m afeta o transporte p\u00fablico. A linha 643 &#8211; Valpara\u00edso (via Dr. Thouzet) &#8211; manobra 200 metros antes do antigo ponto final do Dr. Thouzet. A linha 648 &#8211; Dr. Thouzet &#8211; far\u00e1 ponto final na igreja Paroquial Bom Jesus. J\u00e1 a linha 656 &#8211; Dr. Thouzet (via Alto da Serra) &#8211; n\u00e3o estava em opera\u00e7\u00e3o e volta nesta quarta-feira (12).<\/p>\n\n\n\n<p>\u201cNossos agentes de tr\u00e2nsito est\u00e3o no local para orientar os motoristas e fazer a interdi\u00e7\u00e3o da via \u00e0 medida que a obra avan\u00e7a. \u00c9 importante que os motoristas respeitem a sinaliza\u00e7\u00e3o e tirem as d\u00favidas com os agentes\u201d, destacou o presidente da Companhia Petropolitana de Tr\u00e2nsito e Transportes &#8211; CPTrans, Luciano Moreira.<\/p>\n","protected":false},"excerpt":{"rendered":"<p>O trabalho feito pela secretaria de Obras vai gerar interdi\u00e7\u00e3o no tr\u00e2nsito e mudan\u00e7a no<\/p>\n","protected":false},"author":2,"featured_media":98998,"comment_status":"open","ping_status":"open","sticky":false,"template":"","format":"standard","meta":{"footnotes":""},"categories":[12],"tags":[],"class_list":["post-98997","post","type-post","status-publish","format-standard","has-post-thumbnail","hentry","category-cidade"],"_links":{"self":[{"href":"https:\/\/tvc16.com\/portal\/wp-json\/wp\/v2\/posts\/98997","targetHints":{"allow":["GET"]}}],"collection":[{"href":"https:\/\/tvc16.com\/portal\/wp-json\/wp\/v2\/posts"}],"about":[{"href":"https:\/\/tvc16.com\/portal\/wp-json\/wp\/v2\/types\/post"}],"author":[{"embeddable":true,"href":"https:\/\/tvc16.com\/portal\/wp-json\/wp\/v2\/users\/2"}],"replies":[{"embeddable":true,"href":"https:\/\/tvc16.com\/portal\/wp-json\/wp\/v2\/comments?post=98997"}],"version-history":[{"count":1,"href":"https:\/\/tvc16.com\/portal\/wp-json\/wp\/v2\/posts\/98997\/revisions"}],"predecessor-version":[{"id":98999,"href":"https:\/\/tvc16.com\/portal\/wp-json\/wp\/v2\/posts\/98997\/revisions\/98999"}],"wp:featuredmedia":[{"embeddable":true,"href":"https:\/\/tvc16.com\/portal\/wp-json\/wp\/v2\/media\/98998"}],"wp:attachment":[{"href":"https:\/\/tvc16.com\/portal\/wp-json\/wp\/v2\/media?parent=98997"}],"wp:term":[{"taxonomy":"category","embeddable":true,"href":"https:\/\/tvc16.com\/portal\/wp-json\/wp\/v2\/categories?post=98997"},{"taxonomy":"post_tag","embeddable":true,"href":"https:\/\/tvc16.com\/portal\/wp-json\/wp\/v2\/tags?post=98997"}],"curies":[{"name":"wp","href":"https:\/\/api.w.org\/{rel}","templated":true}]}}