{"id":990,"date":"2020-09-22T20:29:46","date_gmt":"2020-09-22T20:29:46","guid":{"rendered":"https:\/\/tvc16.com\/portal\/?p=990"},"modified":"2020-09-22T20:29:46","modified_gmt":"2020-09-22T20:29:46","slug":"estudo-da-firjan-revela-queda-de-99-do-pib-fluminense-no-segundo-trimestre-2","status":"publish","type":"post","link":"https:\/\/tvc16.com\/portal\/2020\/09\/22\/estudo-da-firjan-revela-queda-de-99-do-pib-fluminense-no-segundo-trimestre-2\/","title":{"rendered":"Estudo da Firjan revela queda de 9,9% do PIB fluminense no segundo trimestre"},"content":{"rendered":"\n<p><strong>Resultado \u00e9 o pior registrado em 17 anos. No entanto, retra\u00e7\u00e3o \u00e9 menos intensa que a do PIB nacional. Proje\u00e7\u00e3o para 2020 \u00e9 de queda de 4,6% e, para 2021, de crescimento de 3,3% em cen\u00e1rio bas<\/strong>e.<\/p>\n\n\n\n<p>A estimativa para o Produto Interno Bruto (PIB) do estado do Rio, no segundo trimestre de 2020, \u00e9 de queda de 9,9% na compara\u00e7\u00e3o com o mesmo per\u00edodo do ano passado. O dado \u00e9 de estudo divulgado pela Firjan, que aponta que o resultado \u00e9 o pior em 17 anos, per\u00edodo de toda a s\u00e9rie hist\u00f3rica dispon\u00edvel. No entanto, a retra\u00e7\u00e3o \u00e9 menos intensa que a do PIB nacional (-11,4%). Em rela\u00e7\u00e3o ao primeiro trimestre de 2020, o recuo \u00e9 de 8,4%.\u201cO desempenho est\u00e1 relacionado ao forte impacto da pandemia sobre a atividade econ\u00f4mica, principalmente no m\u00eas de abril. Considerando os dados divulgados pelo IBGE at\u00e9 2017 e os nossos estudos dos \u00faltimos anos, vimos que essa \u00e9 a retra\u00e7\u00e3o mais intensa\u201d, explica o gerente de Estudos Econ\u00f4micos da Firjan, Jonathas Goulart, destacando que em maio e junho a ind\u00fastria e o com\u00e9rcio j\u00e1 apresentaram din\u00e2mica mais positiva. O estudo aponta que a menor queda da economia fluminense em rela\u00e7\u00e3o ao resultado nacional est\u00e1 relacionada ao desempenho da ind\u00fastria extrativa. Enquanto os demais setores reduziram a produ\u00e7\u00e3o, de acordo com as estimativas, o setor de \u00f3leo e g\u00e1s apresentou elevado crescimento (14,5%) na compara\u00e7\u00e3o com o segundo trimestre de 2019, impulsionado pelo aumento das exporta\u00e7\u00f5es de petr\u00f3leo.<\/p>\n\n\n\n<p>A ind\u00fastria de transforma\u00e7\u00e3o foi o setor mais afetado no estado (-18,9%), principalmente por conta da queda na fabrica\u00e7\u00e3o de ve\u00edculos automotores. A Firjan explica que a crise argentina j\u00e1 vinha influenciando negativamente o setor automobil\u00edstico e que a pandemia aprofundou o recuo. A constru\u00e7\u00e3o civil tamb\u00e9m apresentou queda (12%). O setor de servi\u00e7os, que representa 70% do PIB fluminense, teve retra\u00e7\u00e3o de 11,5%.<\/p>\n\n\n\n<p><strong>Proje\u00e7\u00e3o para 2020 \u00e9 revisada,<br>com retra\u00e7\u00e3o passando de 6,4% para 4,6%<\/strong><\/p>\n\n\n\n<p>Considerando as incertezas relacionadas \u00e0 pandemia, \u00e0 pol\u00edtica e ao quadro fiscal, mas tamb\u00e9m os primeiros sinais de retomada observados na ind\u00fastria e no com\u00e9rcio, a Firjan revisou a proje\u00e7\u00e3o do PIB fluminense para 2020, com a retra\u00e7\u00e3o passando de 6,4% para 4,6%. A previs\u00e3o \u00e9 de que o setor de servi\u00e7os tenha o maior impacto negativo (-6%). As expectativas para a ind\u00fastria de transforma\u00e7\u00e3o (- 5,9%) e para a constru\u00e7\u00e3o civil (-6%) tamb\u00e9m s\u00e3o negativas. A \u00fanica contribui\u00e7\u00e3o positiva para a atividade econ\u00f4mica do estado nesse ano deve vir da ind\u00fastria extrativa (+6,9%).<\/p>\n\n\n\n<p>Para 2021, a expectativa \u00e9 de crescimento de 3,3% no cen\u00e1rio base, que considera a circula\u00e7\u00e3o de pessoas normalizada e a reforma tribut\u00e1ria e a PEC Emergencial (186\/2019) aprovadas no primeiro semestre. A previs\u00e3o para a ind\u00fastria de transforma\u00e7\u00e3o (3,4%), a constru\u00e7\u00e3o civil (0,3%) e a ind\u00fastria extrativa (3%) \u00e9 de crescimento. O setor de servi\u00e7os tamb\u00e9m deve crescer (3,3%), impulsionado pelo maior dinamismo do mercado de trabalho. Por\u00e9m, mesmo que esse crescimento se confirme, o PIB fluminense fica 1,4% abaixo do n\u00edvel pr\u00e9-pandemia.<\/p>\n\n\n\n<p>O estudo traz ainda cen\u00e1rios pessimista e otimista para 2021. No cen\u00e1rio pessimista, com segunda onda da pandemia, escalada da tens\u00e3o comercial entre Estados Unidos e China provocando desvaloriza\u00e7\u00e3o do pre\u00e7o do petr\u00f3leo, al\u00e9m de pior desempenho do quadro fiscal, a economia do estado deve crescer apenas 1,8%. No cen\u00e1rio otimista, com descoberta de vacina, continuidade do Regime de Recupera\u00e7\u00e3o Fiscal e aprova\u00e7\u00e3o de reformas estruturais no primeiro semestre, a previs\u00e3o \u00e9 de crescimento de 4,3%.<\/p>\n\n\n\n<figure class=\"wp-block-gallery columns-1 is-cropped wp-block-gallery-1 is-layout-flex wp-block-gallery-is-layout-flex\"><ul class=\"blocks-gallery-grid\"><li class=\"blocks-gallery-item\"><figure><img loading=\"lazy\" decoding=\"async\" width=\"800\" height=\"445\" src=\"https:\/\/tvc16.com\/portal\/wp-content\/uploads\/2020\/09\/firjan.jpg\" alt=\"\" data-id=\"991\" data-full-url=\"https:\/\/tvc16.com\/portal\/wp-content\/uploads\/2020\/09\/firjan.jpg\" data-link=\"https:\/\/tvc16.com\/portal\/?attachment_id=991\" class=\"wp-image-991\" srcset=\"https:\/\/tvc16.com\/portal\/wp-content\/uploads\/2020\/09\/firjan.jpg 800w, https:\/\/tvc16.com\/portal\/wp-content\/uploads\/2020\/09\/firjan-300x167.jpg 300w, https:\/\/tvc16.com\/portal\/wp-content\/uploads\/2020\/09\/firjan-768x427.jpg 768w\" sizes=\"auto, (max-width: 800px) 100vw, 800px\" \/><\/figure><\/li><\/ul><\/figure>\n","protected":false},"excerpt":{"rendered":"<p>Resultado \u00e9 o pior registrado em 17 anos. No entanto, retra\u00e7\u00e3o \u00e9 menos intensa que<\/p>\n","protected":false},"author":2,"featured_media":992,"comment_status":"open","ping_status":"open","sticky":false,"template":"","format":"standard","meta":{"footnotes":""},"categories":[18],"tags":[],"class_list":["post-990","post","type-post","status-publish","format-standard","has-post-thumbnail","hentry","category-economia"],"_links":{"self":[{"href":"https:\/\/tvc16.com\/portal\/wp-json\/wp\/v2\/posts\/990","targetHints":{"allow":["GET"]}}],"collection":[{"href":"https:\/\/tvc16.com\/portal\/wp-json\/wp\/v2\/posts"}],"about":[{"href":"https:\/\/tvc16.com\/portal\/wp-json\/wp\/v2\/types\/post"}],"author":[{"embeddable":true,"href":"https:\/\/tvc16.com\/portal\/wp-json\/wp\/v2\/users\/2"}],"replies":[{"embeddable":true,"href":"https:\/\/tvc16.com\/portal\/wp-json\/wp\/v2\/comments?post=990"}],"version-history":[{"count":1,"href":"https:\/\/tvc16.com\/portal\/wp-json\/wp\/v2\/posts\/990\/revisions"}],"predecessor-version":[{"id":993,"href":"https:\/\/tvc16.com\/portal\/wp-json\/wp\/v2\/posts\/990\/revisions\/993"}],"wp:featuredmedia":[{"embeddable":true,"href":"https:\/\/tvc16.com\/portal\/wp-json\/wp\/v2\/media\/992"}],"wp:attachment":[{"href":"https:\/\/tvc16.com\/portal\/wp-json\/wp\/v2\/media?parent=990"}],"wp:term":[{"taxonomy":"category","embeddable":true,"href":"https:\/\/tvc16.com\/portal\/wp-json\/wp\/v2\/categories?post=990"},{"taxonomy":"post_tag","embeddable":true,"href":"https:\/\/tvc16.com\/portal\/wp-json\/wp\/v2\/tags?post=990"}],"curies":[{"name":"wp","href":"https:\/\/api.w.org\/{rel}","templated":true}]}}