{"id":99001,"date":"2025-02-12T09:48:40","date_gmt":"2025-02-12T12:48:40","guid":{"rendered":"https:\/\/tvc16.com\/portal\/?p=99001"},"modified":"2025-02-12T09:48:45","modified_gmt":"2025-02-12T12:48:45","slug":"prefeitura-de-petropolis-promove-capacitacao-de-servidores-da-secretaria-de-fazenda-em-parceria-com-o-sebrae","status":"publish","type":"post","link":"https:\/\/tvc16.com\/portal\/2025\/02\/12\/prefeitura-de-petropolis-promove-capacitacao-de-servidores-da-secretaria-de-fazenda-em-parceria-com-o-sebrae\/","title":{"rendered":"Prefeitura de Petr\u00f3polis promove capacita\u00e7\u00e3o de servidores da Secretaria de Fazenda em parceria com o Sebrae"},"content":{"rendered":"\n<p><em>Treinamento aprimora atendimento ao cidad\u00e3o e refor\u00e7a a qualifica\u00e7\u00e3o dos profissionais do servi\u00e7o p\u00fablico<\/em><\/p>\n\n\n\n<p>A Secretaria de Fazenda, em parceria com o Sebrae, realizou um curso de capacita\u00e7\u00e3o voltado aos servidores da pasta. A iniciativa contemplou, nesta primeira fase, 20 profissionais, com a previs\u00e3o de atender outros 20 em uma segunda etapa. O treinamento ocorreu nos dias 10 e 11 de fevereiro, na sede do Sebrae, localizada na Rua Nilo Pe\u00e7anha.<\/p>\n\n\n\n<p>Durante dois dias, os participantes tiveram acesso a conte\u00fados voltados ao aprimoramento do atendimento ao cidad\u00e3o no servi\u00e7o p\u00fablico. O curso abordou a import\u00e2ncia da vis\u00e3o sist\u00eamica no atendimento, a distin\u00e7\u00e3o entre tratamento e atendimento, al\u00e9m da necessidade de efici\u00eancia, efic\u00e1cia e efetividade no desempenho das fun\u00e7\u00f5es administrativas. Os m\u00f3dulos tamb\u00e9m inclu\u00edram temas sobre comunica\u00e7\u00e3o, gerenciamento de informa\u00e7\u00e3o e compet\u00eancias essenciais para o servi\u00e7o p\u00fablico. Ao fim da capacita\u00e7\u00e3o, os participantes receberam certificados de conclus\u00e3o, reconhecendo o empenho e a dedica\u00e7\u00e3o na busca pela melhoria do atendimento prestado \u00e0 popula\u00e7\u00e3o.<\/p>\n\n\n\n<p>\u201cA moderniza\u00e7\u00e3o do servi\u00e7o p\u00fablico passa, necessariamente, pela qualifica\u00e7\u00e3o dos servidores. Investir na capacita\u00e7\u00e3o cont\u00ednua da equipe \u00e9 um compromisso da gest\u00e3o, pois reflete diretamente na qualidade do atendimento oferecido \u00e0 popula\u00e7\u00e3o. Quando um profissional est\u00e1 preparado, ele desempenha seu papel com mais seguran\u00e7a e efici\u00eancia, e quem ganha com isso \u00e9 o cidad\u00e3o. Essa parceria com o Sebrae refor\u00e7a a busca por um servi\u00e7o p\u00fablico mais eficiente e acess\u00edvel para todos\u201d, destacou o prefeito Hingo Hammes.<\/p>\n\n\n\n<p>\u201cA qualifica\u00e7\u00e3o da equipe \u00e9 um pilar fundamental para o bom funcionamento da administra\u00e7\u00e3o p\u00fablica. Nosso objetivo \u00e9 garantir que os servidores estejam preparados para lidar com as demandas da popula\u00e7\u00e3o de maneira \u00e1gil e assertiva. Esse curso, al\u00e9m de trazer conhecimento t\u00e9cnico, tamb\u00e9m refor\u00e7a o compromisso do munic\u00edpio em oferecer um atendimento mais humano e resolutivo\u201d, ressaltou o secret\u00e1rio de Fazenda, F\u00e1bio Junior.<\/p>\n\n\n\n<p>Com o encerramento desta primeira fase da capacita\u00e7\u00e3o, a Secretaria de Fazenda j\u00e1 planeja a segunda rodada do treinamento, que atender\u00e1 mais 20 servidores. A continuidade da iniciativa refor\u00e7a o compromisso da gest\u00e3o municipal em investir na forma\u00e7\u00e3o dos profissionais que atuam diretamente no atendimento ao cidad\u00e3o.<\/p>\n","protected":false},"excerpt":{"rendered":"<p>Treinamento aprimora atendimento ao cidad\u00e3o e refor\u00e7a a qualifica\u00e7\u00e3o dos profissionais do servi\u00e7o p\u00fablico A<\/p>\n","protected":false},"author":2,"featured_media":99002,"comment_status":"open","ping_status":"open","sticky":false,"template":"","format":"standard","meta":{"footnotes":""},"categories":[12],"tags":[],"class_list":["post-99001","post","type-post","status-publish","format-standard","has-post-thumbnail","hentry","category-cidade"],"_links":{"self":[{"href":"https:\/\/tvc16.com\/portal\/wp-json\/wp\/v2\/posts\/99001","targetHints":{"allow":["GET"]}}],"collection":[{"href":"https:\/\/tvc16.com\/portal\/wp-json\/wp\/v2\/posts"}],"about":[{"href":"https:\/\/tvc16.com\/portal\/wp-json\/wp\/v2\/types\/post"}],"author":[{"embeddable":true,"href":"https:\/\/tvc16.com\/portal\/wp-json\/wp\/v2\/users\/2"}],"replies":[{"embeddable":true,"href":"https:\/\/tvc16.com\/portal\/wp-json\/wp\/v2\/comments?post=99001"}],"version-history":[{"count":1,"href":"https:\/\/tvc16.com\/portal\/wp-json\/wp\/v2\/posts\/99001\/revisions"}],"predecessor-version":[{"id":99003,"href":"https:\/\/tvc16.com\/portal\/wp-json\/wp\/v2\/posts\/99001\/revisions\/99003"}],"wp:featuredmedia":[{"embeddable":true,"href":"https:\/\/tvc16.com\/portal\/wp-json\/wp\/v2\/media\/99002"}],"wp:attachment":[{"href":"https:\/\/tvc16.com\/portal\/wp-json\/wp\/v2\/media?parent=99001"}],"wp:term":[{"taxonomy":"category","embeddable":true,"href":"https:\/\/tvc16.com\/portal\/wp-json\/wp\/v2\/categories?post=99001"},{"taxonomy":"post_tag","embeddable":true,"href":"https:\/\/tvc16.com\/portal\/wp-json\/wp\/v2\/tags?post=99001"}],"curies":[{"name":"wp","href":"https:\/\/api.w.org\/{rel}","templated":true}]}}