{"id":99004,"date":"2025-02-12T09:54:33","date_gmt":"2025-02-12T12:54:33","guid":{"rendered":"https:\/\/tvc16.com\/portal\/?p=99004"},"modified":"2025-02-12T09:54:36","modified_gmt":"2025-02-12T12:54:36","slug":"rio-inicia-venda-de-ingressos-populares-para-desfiles-de-carnaval","status":"publish","type":"post","link":"https:\/\/tvc16.com\/portal\/2025\/02\/12\/rio-inicia-venda-de-ingressos-populares-para-desfiles-de-carnaval\/","title":{"rendered":"Rio inicia venda de ingressos populares para desfiles de carnaval"},"content":{"rendered":"\n<p><em>Escolas de samba do Grupo Especial saem entre os dias 2 e 4 de mar\u00e7o<\/em><\/p>\n\n\n\n<p>Por Ag\u00eancia Brasil \/ Foto: Tomaz Silva\/Ag\u00eancia Brasil<br><br><\/p>\n\n\n\n<p>Os ingressos populares para os desfiles das escolas de samba do Grupo Especial do Rio, no Samb\u00f3dromo, come\u00e7aram a ser vendidos a partir desta quarta-feira (12).&nbsp;<img decoding=\"async\" src=\"https:\/\/agenciabrasil.ebc.com.br\/ebc.png?id=1629972&amp;o=node\"><img decoding=\"async\" src=\"https:\/\/agenciabrasil.ebc.com.br\/ebc.gif?id=1629972&amp;o=node\"><\/p>\n\n\n\n<p>Os pre\u00e7os para as arquibancadas (setores 12 e 13) variam de R$ 5 (meia-entrada) a R$ 10 (inteira).<\/p>\n\n\n\n<p>Os desfiles ser\u00e3o realizados entre o domingo (2 de mar\u00e7o) e a ter\u00e7a-feira de carnaval (4).&nbsp;<\/p>\n\n\n\n<p>No dia 8 de mar\u00e7o, no s\u00e1bado p\u00f3s-carnaval, ser\u00e1 feito o desfile das campe\u00e3s, quando as seis escolas com melhor classifica\u00e7\u00e3o retornam ao Samb\u00f3dromo.<\/p>\n\n\n\n<p>A venda de ingressos<a href=\"http:\/\/www.riocarnaval.com\/ingressos\" target=\"_blank\" rel=\"noreferrer noopener\">&nbsp;est\u00e1 sendo feita atrav\u00e9s da internet<\/a>. \u00c9 preciso acessar a p\u00e1gina e clicar na op\u00e7\u00e3o \u201carquibancadas\u201d.<\/p>\n\n\n\n<p>Este ano, o carnaval no Brasil ser\u00e1 nos dias 1\u00ba, 2, 3 e 4 de mar\u00e7o.<\/p>\n","protected":false},"excerpt":{"rendered":"<p>Escolas de samba do Grupo Especial saem entre os dias 2 e 4 de mar\u00e7o<\/p>\n","protected":false},"author":2,"featured_media":99005,"comment_status":"open","ping_status":"open","sticky":false,"template":"","format":"standard","meta":{"footnotes":""},"categories":[17],"tags":[],"class_list":["post-99004","post","type-post","status-publish","format-standard","has-post-thumbnail","hentry","category-outras-noticias"],"_links":{"self":[{"href":"https:\/\/tvc16.com\/portal\/wp-json\/wp\/v2\/posts\/99004","targetHints":{"allow":["GET"]}}],"collection":[{"href":"https:\/\/tvc16.com\/portal\/wp-json\/wp\/v2\/posts"}],"about":[{"href":"https:\/\/tvc16.com\/portal\/wp-json\/wp\/v2\/types\/post"}],"author":[{"embeddable":true,"href":"https:\/\/tvc16.com\/portal\/wp-json\/wp\/v2\/users\/2"}],"replies":[{"embeddable":true,"href":"https:\/\/tvc16.com\/portal\/wp-json\/wp\/v2\/comments?post=99004"}],"version-history":[{"count":1,"href":"https:\/\/tvc16.com\/portal\/wp-json\/wp\/v2\/posts\/99004\/revisions"}],"predecessor-version":[{"id":99006,"href":"https:\/\/tvc16.com\/portal\/wp-json\/wp\/v2\/posts\/99004\/revisions\/99006"}],"wp:featuredmedia":[{"embeddable":true,"href":"https:\/\/tvc16.com\/portal\/wp-json\/wp\/v2\/media\/99005"}],"wp:attachment":[{"href":"https:\/\/tvc16.com\/portal\/wp-json\/wp\/v2\/media?parent=99004"}],"wp:term":[{"taxonomy":"category","embeddable":true,"href":"https:\/\/tvc16.com\/portal\/wp-json\/wp\/v2\/categories?post=99004"},{"taxonomy":"post_tag","embeddable":true,"href":"https:\/\/tvc16.com\/portal\/wp-json\/wp\/v2\/tags?post=99004"}],"curies":[{"name":"wp","href":"https:\/\/api.w.org\/{rel}","templated":true}]}}