{"id":99014,"date":"2025-02-12T11:03:43","date_gmt":"2025-02-12T14:03:43","guid":{"rendered":"https:\/\/tvc16.com\/portal\/?p=99014"},"modified":"2025-02-12T11:03:45","modified_gmt":"2025-02-12T14:03:45","slug":"equipe-de-saude-denuncia-precariedade-de-ambulancia-em-pedro-do-rio","status":"publish","type":"post","link":"https:\/\/tvc16.com\/portal\/2025\/02\/12\/equipe-de-saude-denuncia-precariedade-de-ambulancia-em-pedro-do-rio\/","title":{"rendered":"Equipe de sa\u00fade denuncia precariedade de ambul\u00e2ncia em Pedro do Rio"},"content":{"rendered":"\n<p><em>Por Leandra Lima<\/em><\/p>\n\n\n\n<p>O Correio Petropolitano recebeu diversas den\u00fancias de colaboradores do Complexo de Sa\u00fade Pedro do Rio, que funciona em regime Pr\u00e9-Hospitalar com servi\u00e7o de emerg\u00eancia 24h (UPH) e Unidade B\u00e1sica de Sa\u00fade (UBS), sobre o estado prec\u00e1rio da ambul\u00e2ncia que atende a loca\u00e7\u00e3o. Segundo informa\u00e7\u00f5es, o ve\u00edculo est\u00e1 h\u00e1 tr\u00eas meses circulando de forma irregular, sem sirene, giroflex e ar condicionado, apresentando tamb\u00e9m problemas mec\u00e2nicos como o desgaste da pastilha dos freios e falta de far\u00f3is.<\/p>\n\n\n\n<p>Os profissionais ressaltaram que a situa\u00e7\u00e3o coloca em risco \u00e0 vida dos usu\u00e1rios e da equipe que transita na ambul\u00e2ncia. &#8220;O problema coloca todo mundo em risco, a equipe de plant\u00e3o, o paciente, e quem est\u00e1 no tr\u00e2nsito. O ve\u00edculo n\u00e3o tem giroflex, sirene, e nem pastilha de freios, isso \u00e9 primordial. Ambul\u00e2ncia sem esses equipamentos n\u00e3o h\u00e1 a possibilidade de sinalizar urg\u00eancia e ter prefer\u00eancia no tr\u00e2nsito. Isso j\u00e1 foi comunicado e ningu\u00e9m tomou as devidas provid\u00eancias, \u00e9 um desrespeito total&#8221;, informou um funcion\u00e1rio.<\/p>\n\n\n\n<p>A situa\u00e7\u00e3o perdura desde da gest\u00e3o do ex-Prefeito Rubens Bomtempo, ainda no seu mandato quando o Complexo foi inaugurado a unidade ganhou uma ambul\u00e2ncia &#8211; UTI doada pelo o Governo do Estado para o Servi\u00e7o de Atendimento M\u00f3vel de Urg\u00eancia (SAMU), por\u00e9m o mesmo foi recolhido pelo SAMU para ser realizado um reparo, mas ao inv\u00e9s de retornar, o ve\u00edculo foi trocado por um inferior. &#8220;Com a troca come\u00e7ou o problema de freio n\u00e3o estavam trocando pastilha, depois veio a dificuldade na troca de \u00f3leo e substitu\u00edram o filtro. Mas continuou sem a pastilha, e foi piorando&#8221;, disse um funcion\u00e1rio que n\u00e3o ser\u00e1 identificado.<\/p>\n\n\n\n<p><strong>Agravante<\/strong><\/p>\n\n\n\n<p>Fontes informaram que na \u00faltima quarta-feira (5), a unidade teve que pedir uma ambul\u00e2ncia avan\u00e7ada do suporte da UPA de Itaipava, pois havia um paciente internado na sala vermelha, em estado grave apresentando hemorragia, provocado por uma cirrose hep\u00e1tica, fase terminal que seria transportado para o Hospital Alcides Carneiro, pois parte das profissionais respons\u00e1veis se recusaram a transportar o paciente na ambul\u00e2ncia da UPH Pedro Rio, por conta das condi\u00e7\u00f5es prec\u00e1rias. &#8220;Foi decidido que n\u00e3o dava para realizar o transporte do paciente na ambul\u00e2ncia, j\u00e1 que a mesma n\u00e3o tem condi\u00e7\u00f5es necess\u00e1rias para atender a urg\u00eancia&#8221;, relatou outro funcion\u00e1rio.<\/p>\n\n\n\n<p><strong>Troca de ve\u00edculo<\/strong><\/p>\n\n\n\n<p>Ap\u00f3s o ocorrido, a prefeitura trocou a ambul\u00e2ncia, por\u00e9m conforme as den\u00fancias o ve\u00edculo tamb\u00e9m n\u00e3o est\u00e1 em condi\u00e7\u00f5es ideais. &#8220;Na quinta-feira (6), teve a troca da ambul\u00e2ncia, dessa que estava sem pastilha, sem giroflex e sirene, colocaram uma com pastilha, mas continua sem giroflex, farol e sirene. Continua prec\u00e1ria para todos que utilizam o servi\u00e7o&#8221;, relatou.<\/p>\n\n\n\n<p>Diante do cen\u00e1rio, colabores depositam esperan\u00e7a na nova gest\u00e3o, para que haja seguran\u00e7a no transporte de pacientes. &#8220;Queremos um ve\u00edculo em boas condi\u00e7\u00f5es para dar seguran\u00e7a \u00e0 equipe m\u00e9dica, \u00e0 enfermagem, ao motorista, ajudante e aos pacientes. N\u00e3o \u00e9 luxo, n\u00e3o. \u00c9 seguran\u00e7a e dignidade&#8221;, expressam.<\/p>\n\n\n\n<p><strong>O que diz a Prefeitura?<\/strong><\/p>\n\n\n\n<p>Em rela\u00e7\u00e3o a quest\u00e3o apontada a prefeitura respondeu em nota que a ambul\u00e2ncia da Unidade Pr\u00e9-hospitalar de Pedro do Rio foi encaminhada para manuten\u00e7\u00e3o e deve retornar ainda esta semana. Enquanto isso, foi colocado provisoriamente outra ambul\u00e2ncia da frota da secretaria de sa\u00fade para continuar atendendo a popula\u00e7\u00e3o. O munic\u00edpio tamb\u00e9m foi questionado sobre as vistorias e manuten\u00e7\u00f5es nas ambul\u00e2ncias, sobre esse assunto nada foi mencionado.<\/p>\n\n\n\n<p><strong>Governo do Estado<\/strong><\/p>\n\n\n\n<p>Frente a situa\u00e7\u00e3o, o Governo do Estado do Rio de Janeiro informou que repassa mensalmente recursos para a manuten\u00e7\u00e3o dos servi\u00e7os das ambul\u00e2ncias. Por\u00e9m a opera\u00e7\u00e3o delas \u00e9 uma atribui\u00e7\u00e3o do munic\u00edpio.<\/p>\n","protected":false},"excerpt":{"rendered":"<p>Por Leandra Lima O Correio Petropolitano recebeu diversas den\u00fancias de colaboradores do Complexo de Sa\u00fade<\/p>\n","protected":false},"author":2,"featured_media":99015,"comment_status":"open","ping_status":"open","sticky":false,"template":"","format":"standard","meta":{"footnotes":""},"categories":[12],"tags":[],"class_list":["post-99014","post","type-post","status-publish","format-standard","has-post-thumbnail","hentry","category-cidade"],"_links":{"self":[{"href":"https:\/\/tvc16.com\/portal\/wp-json\/wp\/v2\/posts\/99014","targetHints":{"allow":["GET"]}}],"collection":[{"href":"https:\/\/tvc16.com\/portal\/wp-json\/wp\/v2\/posts"}],"about":[{"href":"https:\/\/tvc16.com\/portal\/wp-json\/wp\/v2\/types\/post"}],"author":[{"embeddable":true,"href":"https:\/\/tvc16.com\/portal\/wp-json\/wp\/v2\/users\/2"}],"replies":[{"embeddable":true,"href":"https:\/\/tvc16.com\/portal\/wp-json\/wp\/v2\/comments?post=99014"}],"version-history":[{"count":1,"href":"https:\/\/tvc16.com\/portal\/wp-json\/wp\/v2\/posts\/99014\/revisions"}],"predecessor-version":[{"id":99016,"href":"https:\/\/tvc16.com\/portal\/wp-json\/wp\/v2\/posts\/99014\/revisions\/99016"}],"wp:featuredmedia":[{"embeddable":true,"href":"https:\/\/tvc16.com\/portal\/wp-json\/wp\/v2\/media\/99015"}],"wp:attachment":[{"href":"https:\/\/tvc16.com\/portal\/wp-json\/wp\/v2\/media?parent=99014"}],"wp:term":[{"taxonomy":"category","embeddable":true,"href":"https:\/\/tvc16.com\/portal\/wp-json\/wp\/v2\/categories?post=99014"},{"taxonomy":"post_tag","embeddable":true,"href":"https:\/\/tvc16.com\/portal\/wp-json\/wp\/v2\/tags?post=99014"}],"curies":[{"name":"wp","href":"https:\/\/api.w.org\/{rel}","templated":true}]}}