{"id":9902,"date":"2021-01-28T06:09:47","date_gmt":"2021-01-28T09:09:47","guid":{"rendered":"https:\/\/tvc16.com\/portal\/?p=9902"},"modified":"2021-01-28T06:09:49","modified_gmt":"2021-01-28T09:09:49","slug":"dnit-concluiu-o-primeiro-trecho-de-65-quilometros-de-obras-na-estrada-uniao-e-industria-ainda-faltam-18-para-a-execucao-total","status":"publish","type":"post","link":"https:\/\/tvc16.com\/portal\/2021\/01\/28\/dnit-concluiu-o-primeiro-trecho-de-65-quilometros-de-obras-na-estrada-uniao-e-industria-ainda-faltam-18-para-a-execucao-total\/","title":{"rendered":"DNIT concluiu o primeiro trecho de 6,5 quil\u00f4metros de obras na Estrada Uni\u00e3o e Ind\u00fastria. Ainda faltam, 18 para a execu\u00e7\u00e3o total"},"content":{"rendered":"\n<p><\/p>\n\n\n\n<p>Em sete meses, as obras de revitaliza\u00e7\u00e3o da Estrada Uni\u00e3o e Ind\u00fastria avan\u00e7aram em 26,5%. S\u00e3o 6,5 quil\u00f4metros \u2013 entre a Avenida Bar\u00e3o do Rio Branco e o bairro Roseiral &#8211; onde a pavimenta\u00e7\u00e3o e sistema de drenagem j\u00e1 est\u00e3o conclu\u00eddos.\u00a0<br>A obra total \u00e9 de 24,5 quil\u00f4metros\u00a0 entre a Avenida Bar\u00e3o do Rio Branco e o Distrito de Pedro do Rio.<br>O\u00a0 Departamento Nacional\u00a0de Infraestrutura e Transporte\u00a0(DNIT) divulgou a finaliza\u00e7\u00e3o do primeiro trecho avaliando como bem executado pela empresa Santa Luzia Engenharia. Al\u00e9m de Petr\u00f3polis, mais cinco munic\u00edpios devem se beneficiar, indiretamente, com a conclus\u00e3o da obra: Tr\u00eas Rios, Areal, S\u00e3o Jos\u00e9 do Vale do Rio Preto, Teres\u00f3polis e Friburgo.\u00a0<br>No total, a revitaliza\u00e7\u00e3o da Estrada est\u00e1 or\u00e7ada em R$ 40 milh\u00f5es. Somente neste primeiro trecho, R$ 15 milh\u00f5es j\u00e1 foram liberados pelo Governo Federal. Os seis quil\u00f4metros iniciais\u00a0perfazem a\u00a0extens\u00e3o entre a Avenida Bar\u00e3o do Rio Branco e o bairro Roseiral. Nos distritos, onde a revitaliza\u00e7\u00e3o ir\u00e1 avan\u00e7ar nas pr\u00f3ximas etapas, est\u00e3o no cronograma; sistema de drenagem, pavimenta\u00e7\u00e3o e obras de conten\u00e7\u00e3o, cal\u00e7adas, baias de \u00f4nibus e\u00a0\u00a0sinaliza\u00e7\u00e3o.<\/p>\n","protected":false},"excerpt":{"rendered":"<p>Em sete meses, as obras de revitaliza\u00e7\u00e3o da Estrada Uni\u00e3o e Ind\u00fastria avan\u00e7aram em 26,5%.<\/p>\n","protected":false},"author":2,"featured_media":9903,"comment_status":"open","ping_status":"open","sticky":false,"template":"","format":"standard","meta":{"footnotes":""},"categories":[12],"tags":[],"class_list":["post-9902","post","type-post","status-publish","format-standard","has-post-thumbnail","hentry","category-cidade"],"_links":{"self":[{"href":"https:\/\/tvc16.com\/portal\/wp-json\/wp\/v2\/posts\/9902","targetHints":{"allow":["GET"]}}],"collection":[{"href":"https:\/\/tvc16.com\/portal\/wp-json\/wp\/v2\/posts"}],"about":[{"href":"https:\/\/tvc16.com\/portal\/wp-json\/wp\/v2\/types\/post"}],"author":[{"embeddable":true,"href":"https:\/\/tvc16.com\/portal\/wp-json\/wp\/v2\/users\/2"}],"replies":[{"embeddable":true,"href":"https:\/\/tvc16.com\/portal\/wp-json\/wp\/v2\/comments?post=9902"}],"version-history":[{"count":1,"href":"https:\/\/tvc16.com\/portal\/wp-json\/wp\/v2\/posts\/9902\/revisions"}],"predecessor-version":[{"id":9904,"href":"https:\/\/tvc16.com\/portal\/wp-json\/wp\/v2\/posts\/9902\/revisions\/9904"}],"wp:featuredmedia":[{"embeddable":true,"href":"https:\/\/tvc16.com\/portal\/wp-json\/wp\/v2\/media\/9903"}],"wp:attachment":[{"href":"https:\/\/tvc16.com\/portal\/wp-json\/wp\/v2\/media?parent=9902"}],"wp:term":[{"taxonomy":"category","embeddable":true,"href":"https:\/\/tvc16.com\/portal\/wp-json\/wp\/v2\/categories?post=9902"},{"taxonomy":"post_tag","embeddable":true,"href":"https:\/\/tvc16.com\/portal\/wp-json\/wp\/v2\/tags?post=9902"}],"curies":[{"name":"wp","href":"https:\/\/api.w.org\/{rel}","templated":true}]}}