{"id":99029,"date":"2025-02-13T05:00:00","date_gmt":"2025-02-13T08:00:00","guid":{"rendered":"https:\/\/tvc16.com\/portal\/?p=99029"},"modified":"2025-02-12T14:31:06","modified_gmt":"2025-02-12T17:31:06","slug":"inscricoes-para-processo-seletivo-de-professores-do-ifrj-seguem-ate-a-proxima-sexta-14","status":"publish","type":"post","link":"https:\/\/tvc16.com\/portal\/2025\/02\/13\/inscricoes-para-processo-seletivo-de-professores-do-ifrj-seguem-ate-a-proxima-sexta-14\/","title":{"rendered":"Inscri\u00e7\u00f5es para Processo Seletivo de Professores do IFRJ seguem at\u00e9 a pr\u00f3xima sexta, 14"},"content":{"rendered":"\n<p><em>Professores da Rede P\u00fablica de Teres\u00f3polis podem concorrer \u00e0s vagas<\/em><\/p>\n\n\n\n<p>As inscri\u00e7\u00f5es para o Processo Seletivo de Professores para o Programa Partiu IF 2025 do Instituto Federal de Educa\u00e7\u00e3o, Ci\u00eancia e Tecnologia do Rio de Janeiro (IFRJ) terminam nesta sexta-feira, 14.&nbsp;Os professores da Rede&nbsp; P\u00fablica de Teres\u00f3polis podem concorrer \u00e0s vagas, que remuneram com uma bolsa, no valor de R$ 1.430, por 10h de aulas semanais.&nbsp;As inscri\u00e7\u00f5es devem ser feitas por meio do link&nbsp;&nbsp;<a rel=\"noreferrer noopener\" target=\"_blank\" href=\"https:\/\/na01.safelinks.protection.outlook.com\/?url=https%3A%2F%2Fforms.gle%2FNujdQqBqdL7n2wCe6&amp;data=05%7C02%7C%7C1e6343757f40437b22d408dd4b862089%7C84df9e7fe9f640afb435aaaaaaaaaaaa%7C1%7C0%7C638749761631964740%7CUnknown%7CTWFpbGZsb3d8eyJFbXB0eU1hcGkiOnRydWUsIlYiOiIwLjAuMDAwMCIsIlAiOiJXaW4zMiIsIkFOIjoiTWFpbCIsIldUIjoyfQ%3D%3D%7C0%7C%7C%7C&amp;sdata=f%2FsldF5yBTRYI%2Fpu%2F1inDbCyhf4MGH3JfIXe8fJq51U%3D&amp;reserved=0\"><u>https:\/\/forms.gle\/NujdQqBqdL7n2wCe6<\/u><\/a><\/p>\n\n\n\n<p>O IFRJ oferecer\u00e1 uma turma em cada um de seus 15 campi e nas 3 novas unidades: Campus Arena Ol\u00edmpica, Campus Complexo do Alem\u00e3o e Campus Teres\u00f3polis. Informa\u00e7\u00f5es sobre a instala\u00e7\u00e3o do campus Teres\u00f3polis ser\u00e3o divulgadas em breve.&nbsp;O projeto tem como objetivo fortalecer a aprendizagem de estudantes do 9\u00ba ano de escolas p\u00fablicas, promovendo equidade no acesso ao Ensino M\u00e9dio e \u00e0&nbsp;educa\u00e7\u00e3o profissional.<\/p>\n\n\n\n<p>De acordo com o edital, os professores selecionados ministrar\u00e3o aulas de L\u00edngua Portuguesa, Matem\u00e1tica e Ci\u00eancias da Natureza, com carga hor\u00e1ria de 10 horas semanais. O valor da bolsa \u00e9 de R$1.430,00 mensais e a atua\u00e7\u00e3o ser\u00e1 presencial nos campi do IFRJ.<\/p>\n\n\n\n<p>Podem se inscrever servidores p\u00fablicos efetivos (federais, estaduais ou municipais) com forma\u00e7\u00e3o nas \u00e1reas exigidas; estudantes de p\u00f3s-gradua\u00e7\u00e3o em institui\u00e7\u00f5es p\u00fablicas; graduandos a partir do 6\u00ba per\u00edodo dos cursos de licenciatura ou bacharelado com complementa\u00e7\u00e3o pedag\u00f3gica.<\/p>\n\n\n\n<p>Arte: PMT<\/p>\n","protected":false},"excerpt":{"rendered":"<p>Professores da Rede P\u00fablica de Teres\u00f3polis podem concorrer \u00e0s vagas As inscri\u00e7\u00f5es para o Processo<\/p>\n","protected":false},"author":2,"featured_media":99030,"comment_status":"open","ping_status":"open","sticky":false,"template":"","format":"standard","meta":{"footnotes":""},"categories":[17],"tags":[],"class_list":["post-99029","post","type-post","status-publish","format-standard","has-post-thumbnail","hentry","category-outras-noticias"],"_links":{"self":[{"href":"https:\/\/tvc16.com\/portal\/wp-json\/wp\/v2\/posts\/99029","targetHints":{"allow":["GET"]}}],"collection":[{"href":"https:\/\/tvc16.com\/portal\/wp-json\/wp\/v2\/posts"}],"about":[{"href":"https:\/\/tvc16.com\/portal\/wp-json\/wp\/v2\/types\/post"}],"author":[{"embeddable":true,"href":"https:\/\/tvc16.com\/portal\/wp-json\/wp\/v2\/users\/2"}],"replies":[{"embeddable":true,"href":"https:\/\/tvc16.com\/portal\/wp-json\/wp\/v2\/comments?post=99029"}],"version-history":[{"count":1,"href":"https:\/\/tvc16.com\/portal\/wp-json\/wp\/v2\/posts\/99029\/revisions"}],"predecessor-version":[{"id":99031,"href":"https:\/\/tvc16.com\/portal\/wp-json\/wp\/v2\/posts\/99029\/revisions\/99031"}],"wp:featuredmedia":[{"embeddable":true,"href":"https:\/\/tvc16.com\/portal\/wp-json\/wp\/v2\/media\/99030"}],"wp:attachment":[{"href":"https:\/\/tvc16.com\/portal\/wp-json\/wp\/v2\/media?parent=99029"}],"wp:term":[{"taxonomy":"category","embeddable":true,"href":"https:\/\/tvc16.com\/portal\/wp-json\/wp\/v2\/categories?post=99029"},{"taxonomy":"post_tag","embeddable":true,"href":"https:\/\/tvc16.com\/portal\/wp-json\/wp\/v2\/tags?post=99029"}],"curies":[{"name":"wp","href":"https:\/\/api.w.org\/{rel}","templated":true}]}}