{"id":99032,"date":"2025-02-13T05:00:00","date_gmt":"2025-02-13T08:00:00","guid":{"rendered":"https:\/\/tvc16.com\/portal\/?p=99032"},"modified":"2025-02-12T14:33:10","modified_gmt":"2025-02-12T17:33:10","slug":"mediacao-de-leitura-para-criancas-com-o-livro-a-sra-hi-ena-alex-yusef-e-um-rastro-de-purpurinas","status":"publish","type":"post","link":"https:\/\/tvc16.com\/portal\/2025\/02\/13\/mediacao-de-leitura-para-criancas-com-o-livro-a-sra-hi-ena-alex-yusef-e-um-rastro-de-purpurinas\/","title":{"rendered":"Media\u00e7\u00e3o de leitura para crian\u00e7as com o livro \u201cA Sra. Hi Ena, Alex, Yusef e um rastro de purpurinas&#8221;"},"content":{"rendered":"\n<p>Alex procura um objeto para levar para a escola. Mas que objeto \u00e9 esse? No s\u00e1bado, a professora e escritora Cris Ferreira conduzir\u00e1 crian\u00e7as e fam\u00edlias atrav\u00e9s das aventuras do conto A __descoberta, escrito por Laura Fal\u00e9sio e ilustrado por Ana Casimiro, que integra o livro &#8220;A Sra. Hi Ena, Alex, Yusef e um rastro de purpurinas&#8221;. Trata-se de uma colet\u00e2nea portuguesa com textos de diferentes autoras e autores, organizado por Isabel Zambujal e Yara Kono, em parceria com a Editora Planeta Tangerina.&nbsp;<\/p>\n\n\n\n<p>O livro \u00e9 &#8220;fruto de um projeto desenvolvido em laborat\u00f3rio de cria\u00e7\u00e3o. Cada p\u00e1gina \u00e9 uma porta aberta, para um mundo pintado com novas possibilidades.&#8221;.<\/p>\n\n\n\n<p>No espa\u00e7o do museu, pensar sobre objetos que contam hist\u00f3rias \u00e9 ampliar o repert\u00f3rio de viv\u00eancias e ir al\u00e9m: o que faz um objeto ser significativo para algu\u00e9m? Podemos n\u00f3s, tamb\u00e9m, criar outros sentidos e formas de ver o mundo a partir de um objeto?<\/p>\n\n\n\n<p>Convidamos crian\u00e7as e suas fam\u00edlias para uma tarde animada, em que a leitura conjunta se converter\u00e1 em oficina criativa, e cada crian\u00e7a colocar\u00e1 a m\u00e3o na massa para dar asas \u00e0 sua imagina\u00e7\u00e3o.<\/p>\n\n\n\n<p>A atividade&nbsp;integra a Programa\u00e7\u00e3o Cultural 2025 da Casa Stefan Zweig, com o patroc\u00ednio da Prefeitura Municipal de Petr\u00f3polis, por meio do edital municipal do Cultura Viva do Plano Nacional Aldir Blanc (PNAB) e da Lei Federal de Incentivo \u00e0 Cultura (Lei Rouanet).<\/p>\n\n\n\n<p><strong>Servi\u00e7o:<\/strong><\/p>\n\n\n\n<p>Media\u00e7\u00e3o de leitura para crian\u00e7as com o livro \u201cA Sra. Hi Ena, Alex, Yusef e um rastro de purpurinas&#8221;<\/p>\n\n\n\n<p>S\u00e1bado, 15 de fevereiro, 15h<\/p>\n\n\n\n<p>Casa Stefan Zweig<\/p>\n\n\n\n<p>Rua Gon\u00e7alves Dias, 34, Valpara\u00edso (pr\u00f3ximo \u00e0s Duas Pontes)<\/p>\n\n\n\n<p>Entrada franca<\/p>\n\n\n\n<p>Foto: divulga\u00e7\u00e3o <\/p>\n","protected":false},"excerpt":{"rendered":"<p>Alex procura um objeto para levar para a escola. Mas que objeto \u00e9 esse? No<\/p>\n","protected":false},"author":2,"featured_media":99033,"comment_status":"open","ping_status":"open","sticky":false,"template":"","format":"standard","meta":{"footnotes":""},"categories":[12],"tags":[],"class_list":["post-99032","post","type-post","status-publish","format-standard","has-post-thumbnail","hentry","category-cidade"],"_links":{"self":[{"href":"https:\/\/tvc16.com\/portal\/wp-json\/wp\/v2\/posts\/99032","targetHints":{"allow":["GET"]}}],"collection":[{"href":"https:\/\/tvc16.com\/portal\/wp-json\/wp\/v2\/posts"}],"about":[{"href":"https:\/\/tvc16.com\/portal\/wp-json\/wp\/v2\/types\/post"}],"author":[{"embeddable":true,"href":"https:\/\/tvc16.com\/portal\/wp-json\/wp\/v2\/users\/2"}],"replies":[{"embeddable":true,"href":"https:\/\/tvc16.com\/portal\/wp-json\/wp\/v2\/comments?post=99032"}],"version-history":[{"count":1,"href":"https:\/\/tvc16.com\/portal\/wp-json\/wp\/v2\/posts\/99032\/revisions"}],"predecessor-version":[{"id":99034,"href":"https:\/\/tvc16.com\/portal\/wp-json\/wp\/v2\/posts\/99032\/revisions\/99034"}],"wp:featuredmedia":[{"embeddable":true,"href":"https:\/\/tvc16.com\/portal\/wp-json\/wp\/v2\/media\/99033"}],"wp:attachment":[{"href":"https:\/\/tvc16.com\/portal\/wp-json\/wp\/v2\/media?parent=99032"}],"wp:term":[{"taxonomy":"category","embeddable":true,"href":"https:\/\/tvc16.com\/portal\/wp-json\/wp\/v2\/categories?post=99032"},{"taxonomy":"post_tag","embeddable":true,"href":"https:\/\/tvc16.com\/portal\/wp-json\/wp\/v2\/tags?post=99032"}],"curies":[{"name":"wp","href":"https:\/\/api.w.org\/{rel}","templated":true}]}}