{"id":99040,"date":"2025-02-13T05:00:00","date_gmt":"2025-02-13T08:00:00","guid":{"rendered":"https:\/\/tvc16.com\/portal\/?p=99040"},"modified":"2025-02-12T15:22:33","modified_gmt":"2025-02-12T18:22:33","slug":"cine-teatro-imperial-exibe-gratuitamente-glauber-o-filme-labirinto-do-brasil-em-35mm-em-sessao-especial-no-dia-15-de-fevereiro","status":"publish","type":"post","link":"https:\/\/tvc16.com\/portal\/2025\/02\/13\/cine-teatro-imperial-exibe-gratuitamente-glauber-o-filme-labirinto-do-brasil-em-35mm-em-sessao-especial-no-dia-15-de-fevereiro\/","title":{"rendered":"Cine Teatro Imperial exibe gratuitamente &#8216;Glauber o Filme, Labirinto do Brasil&#8217; em 35mm em sess\u00e3o especial no dia 15 de fevereiro"},"content":{"rendered":"\n<p>O Cine Teatro Imperial, em Petr\u00f3polis, segue com sua programa\u00e7\u00e3o especial dedicada ao cinema nacional e apresenta, no dia 15 de fevereiro, a exibi\u00e7\u00e3o do document\u00e1rio &#8220;Glauber o Filme, Labirinto do Brasil&#8221; (2003), dirigido por Silvio Tendler, um dos documentaristas mais importantes do pa\u00eds. A sess\u00e3o acontece \u00e0s 18h30 e \u00e9 uma oportunidade \u00fanica para cin\u00e9filos e estudantes de cinema conhecerem mais sobre a trajet\u00f3ria de Glauber Rocha, um dos maiores nomes do Cinema Novo e do audiovisual brasileiro.<\/p>\n\n\n\n<p>O document\u00e1rio presta uma homenagem ao ic\u00f4nico cineasta, respons\u00e1vel por obras marcantes como &#8220;Deus e o Diabo na Terra do Sol&#8221; e &#8220;Terra em Transe&#8221;. Com depoimentos de personalidades como Cac\u00e1 Diegues, Jorge Amado, Jards Macal\u00e9 e outros grandes nomes da cultura brasileira, o filme tra\u00e7a um panorama profundo sobre a vida e a obra de Glauber Rocha, revelando suas paix\u00f5es, inquieta\u00e7\u00f5es e seu impacto na hist\u00f3ria do cinema.<\/p>\n\n\n\n<p>A sess\u00e3o ser\u00e1 ainda mais especial por contar com a exibi\u00e7\u00e3o em pel\u00edcula 35mm, formato cl\u00e1ssico que preserva a textura e a est\u00e9tica originais do filme. O Cine Teatro Imperial recuperou recentemente seu equipamento de proje\u00e7\u00e3o anal\u00f3gica, permitindo ao p\u00fablico reviver a experi\u00eancia cinematogr\u00e1fica como era nas grandes salas de cinema do passado.<\/p>\n\n\n\n<p>Produzido pela Caliban Produ\u00e7\u00f5es, produtora especializada em biografias hist\u00f3ricas de cunho social, &#8220;Glauber o Filme, Labirinto do Brasil&#8221; foi selecionado para exibi\u00e7\u00e3o &#8220;Hors Concours&#8221; no prestigiado Festival de Cannes de 2004 e recebeu o pr\u00eamio de Melhor Filme no Festival de Bras\u00edlia. A dire\u00e7\u00e3o de Silvio Tendler, que soma mais de 70 filmes em sua carreira, garante um olhar sens\u00edvel e detalhado sobre o universo de Glauber Rocha e sua contribui\u00e7\u00e3o para o cinema mundial.<\/p>\n\n\n\n<p>O longa-metragem foi escolhido em parceria com o CTAV &#8211; Centro T\u00e9cnico Audiovisual, que re\u00fane um amplo acervo do cinema brasileiro. O projeto tem ainda o apoio da Ag\u00eancia Nacional do Cinema &#8211; Ancine, sendo apresentado pela Enel, com patroc\u00ednio do Governo do Estado do Rio de Janeiro e da Secretaria de Estado de Cultura e Economia Criativa, atrav\u00e9s da Lei Estadual de Incentivo \u00e0 Cultura. O Cine Teatro Imperial \u00e9 uma realiza\u00e7\u00e3o da Natureza Produ\u00e7\u00f5es.&nbsp;<\/p>\n\n\n\n<p><strong>Cine Teatro Imperial&nbsp;<\/strong><\/p>\n\n\n\n<p>Rua Marechal Deodoro, 192 &#8211; Centro, Petr\u00f3polis<\/p>\n\n\n\n<p>15 de fevereiro, \u00e0s 18h30&nbsp;&nbsp;<\/p>\n\n\n\n<p>Entrada gratuita<\/p>\n\n\n\n<p>Foto: divulga\u00e7\u00e3o <\/p>\n","protected":false},"excerpt":{"rendered":"<p>O Cine Teatro Imperial, em Petr\u00f3polis, segue com sua programa\u00e7\u00e3o especial dedicada ao cinema nacional<\/p>\n","protected":false},"author":2,"featured_media":99041,"comment_status":"open","ping_status":"open","sticky":false,"template":"","format":"standard","meta":{"footnotes":""},"categories":[12],"tags":[],"class_list":["post-99040","post","type-post","status-publish","format-standard","has-post-thumbnail","hentry","category-cidade"],"_links":{"self":[{"href":"https:\/\/tvc16.com\/portal\/wp-json\/wp\/v2\/posts\/99040","targetHints":{"allow":["GET"]}}],"collection":[{"href":"https:\/\/tvc16.com\/portal\/wp-json\/wp\/v2\/posts"}],"about":[{"href":"https:\/\/tvc16.com\/portal\/wp-json\/wp\/v2\/types\/post"}],"author":[{"embeddable":true,"href":"https:\/\/tvc16.com\/portal\/wp-json\/wp\/v2\/users\/2"}],"replies":[{"embeddable":true,"href":"https:\/\/tvc16.com\/portal\/wp-json\/wp\/v2\/comments?post=99040"}],"version-history":[{"count":1,"href":"https:\/\/tvc16.com\/portal\/wp-json\/wp\/v2\/posts\/99040\/revisions"}],"predecessor-version":[{"id":99042,"href":"https:\/\/tvc16.com\/portal\/wp-json\/wp\/v2\/posts\/99040\/revisions\/99042"}],"wp:featuredmedia":[{"embeddable":true,"href":"https:\/\/tvc16.com\/portal\/wp-json\/wp\/v2\/media\/99041"}],"wp:attachment":[{"href":"https:\/\/tvc16.com\/portal\/wp-json\/wp\/v2\/media?parent=99040"}],"wp:term":[{"taxonomy":"category","embeddable":true,"href":"https:\/\/tvc16.com\/portal\/wp-json\/wp\/v2\/categories?post=99040"},{"taxonomy":"post_tag","embeddable":true,"href":"https:\/\/tvc16.com\/portal\/wp-json\/wp\/v2\/tags?post=99040"}],"curies":[{"name":"wp","href":"https:\/\/api.w.org\/{rel}","templated":true}]}}