{"id":99045,"date":"2025-02-13T08:15:07","date_gmt":"2025-02-13T11:15:07","guid":{"rendered":"https:\/\/tvc16.com\/portal\/?p=99045"},"modified":"2025-02-13T08:15:09","modified_gmt":"2025-02-13T11:15:09","slug":"prefeitura-inicia-capacitacao-de-educadores-para-atendimento-especializado","status":"publish","type":"post","link":"https:\/\/tvc16.com\/portal\/2025\/02\/13\/prefeitura-inicia-capacitacao-de-educadores-para-atendimento-especializado\/","title":{"rendered":"Prefeitura inicia capacita\u00e7\u00e3o de educadores para atendimento especializado"},"content":{"rendered":"\n<p><em>Programa de forma\u00e7\u00e3o cont\u00ednua busca aprimorar pr\u00e1ticas pedag\u00f3gicas e oferecer suporte emocional aos docentes<\/em><\/p>\n\n\n\n<p>A Prefeitura de Petr\u00f3polis iniciou, nesta segunda-feira (12), a capacita\u00e7\u00e3o das professoras que atuam nas 71 salas de recursos multifuncionais da rede municipal de ensino, distribu\u00eddas em diversas unidades escolares de todos os distritos da cidade. A iniciativa tem como objetivo aprimorar as pr\u00e1ticas pedag\u00f3gicas e oferecer suporte emocional aos docentes, considerando as especificidades do trabalho com alunos com defici\u00eancias e outras necessidades educacionais.<\/p>\n\n\n\n<p>O Departamento de Inclus\u00e3o deu in\u00edcio \u00e0s forma\u00e7\u00f5es destinadas a esses profissionais, alinhadas com a Lei de Diretrizes e Bases da Educa\u00e7\u00e3o Nacional (Lei n\u00ba 9.394\/1996) e com a Pol\u00edtica Nacional de Educa\u00e7\u00e3o Especial na Perspectiva da Educa\u00e7\u00e3o Inclusiva (Parecer CNE\/CEB n\u00ba 17\/2001), que orientam a forma\u00e7\u00e3o de profissionais para atuar no atendimento educacional especializado. A a\u00e7\u00e3o tamb\u00e9m segue a Resolu\u00e7\u00e3o n\u00ba 4\/2009 do Conselho Nacional de Educa\u00e7\u00e3o, que regulamenta a educa\u00e7\u00e3o especial e a atua\u00e7\u00e3o dos professores dessas salas.<\/p>\n\n\n\n<p>O prefeito Hingo Hammes destacou a import\u00e2ncia de garantir suporte constante aos educadores que atuam na inclus\u00e3o.<\/p>\n\n\n\n<p>\u201cInvestir na forma\u00e7\u00e3o desses profissionais \u00e9 um compromisso da nossa gest\u00e3o. Precisamos garantir que nossos professores tenham condi\u00e7\u00f5es de trabalho adequadas para oferecer o melhor atendimento aos alunos\u201d, afirmou.<\/p>\n\n\n\n<p>O secret\u00e1rio de Educa\u00e7\u00e3o, Alexandre Gurgel, refor\u00e7ou o compromisso da pasta com a capacita\u00e7\u00e3o dos docentes. \u201cA educa\u00e7\u00e3o inclusiva \u00e9 de suma import\u00e2ncia. Para que ela aconte\u00e7a de forma eficiente, \u00e9 essencial que os professores tenham conhecimento, ferramentas e suporte emocional. Essa forma\u00e7\u00e3o \u00e9 um passo fundamental nesse processo\u201d, declarou.<\/p>\n\n\n\n<p>A capacita\u00e7\u00e3o ser\u00e1 realizada em etapas, abordando metodologias ativas, pr\u00e1ticas pedag\u00f3gicas inclusivas e estrat\u00e9gias para lidar com desafios emocionais no ambiente escolar. O programa tamb\u00e9m prev\u00ea encontros peri\u00f3dicos para avalia\u00e7\u00e3o e troca de experi\u00eancias entre os profissionais.<\/p>\n\n\n\n<p>O Departamento de Inclus\u00e3o refor\u00e7ou que o apoio aos professores de salas de recursos multifuncionais ser\u00e1 constante. A forma\u00e7\u00e3o continuada busca n\u00e3o apenas ampliar o repert\u00f3rio t\u00e9cnico, mas tamb\u00e9m proporcionar um ambiente de acolhimento para os docentes.<\/p>\n\n\n\n<p>Com a iniciativa, a rede municipal de ensino avan\u00e7a na consolida\u00e7\u00e3o de uma educa\u00e7\u00e3o mais acess\u00edvel e inclusiva, garantindo que alunos com defici\u00eancias tenham um atendimento especializado de qualidade.<\/p>\n","protected":false},"excerpt":{"rendered":"<p>Programa de forma\u00e7\u00e3o cont\u00ednua busca aprimorar pr\u00e1ticas pedag\u00f3gicas e oferecer suporte emocional aos docentes A<\/p>\n","protected":false},"author":2,"featured_media":99046,"comment_status":"open","ping_status":"open","sticky":false,"template":"","format":"standard","meta":{"footnotes":""},"categories":[12],"tags":[],"class_list":["post-99045","post","type-post","status-publish","format-standard","has-post-thumbnail","hentry","category-cidade"],"_links":{"self":[{"href":"https:\/\/tvc16.com\/portal\/wp-json\/wp\/v2\/posts\/99045","targetHints":{"allow":["GET"]}}],"collection":[{"href":"https:\/\/tvc16.com\/portal\/wp-json\/wp\/v2\/posts"}],"about":[{"href":"https:\/\/tvc16.com\/portal\/wp-json\/wp\/v2\/types\/post"}],"author":[{"embeddable":true,"href":"https:\/\/tvc16.com\/portal\/wp-json\/wp\/v2\/users\/2"}],"replies":[{"embeddable":true,"href":"https:\/\/tvc16.com\/portal\/wp-json\/wp\/v2\/comments?post=99045"}],"version-history":[{"count":1,"href":"https:\/\/tvc16.com\/portal\/wp-json\/wp\/v2\/posts\/99045\/revisions"}],"predecessor-version":[{"id":99047,"href":"https:\/\/tvc16.com\/portal\/wp-json\/wp\/v2\/posts\/99045\/revisions\/99047"}],"wp:featuredmedia":[{"embeddable":true,"href":"https:\/\/tvc16.com\/portal\/wp-json\/wp\/v2\/media\/99046"}],"wp:attachment":[{"href":"https:\/\/tvc16.com\/portal\/wp-json\/wp\/v2\/media?parent=99045"}],"wp:term":[{"taxonomy":"category","embeddable":true,"href":"https:\/\/tvc16.com\/portal\/wp-json\/wp\/v2\/categories?post=99045"},{"taxonomy":"post_tag","embeddable":true,"href":"https:\/\/tvc16.com\/portal\/wp-json\/wp\/v2\/tags?post=99045"}],"curies":[{"name":"wp","href":"https:\/\/api.w.org\/{rel}","templated":true}]}}