{"id":9905,"date":"2021-01-28T06:17:40","date_gmt":"2021-01-28T09:17:40","guid":{"rendered":"https:\/\/tvc16.com\/portal\/?p=9905"},"modified":"2021-01-28T06:17:43","modified_gmt":"2021-01-28T09:17:43","slug":"a-partir-da-proxima-segunda-feira-profissionais-de-saude-da-atencao-basica-e-demais-equipes-das-unidades-hospitalares-tambem-serao-vacinados","status":"publish","type":"post","link":"https:\/\/tvc16.com\/portal\/2021\/01\/28\/a-partir-da-proxima-segunda-feira-profissionais-de-saude-da-atencao-basica-e-demais-equipes-das-unidades-hospitalares-tambem-serao-vacinados\/","title":{"rendered":"A partir da pr\u00f3xima segunda-feira profissionais de sa\u00fade, da aten\u00e7\u00e3o b\u00e1sica, e demais equipes das unidades hospitalares tamb\u00e9m ser\u00e3o vacinados"},"content":{"rendered":"\n<p>A primeira etapa da campanha de vacina\u00e7\u00e3o contra a Covid-19, voltada a profissionais da linha de frente contra a covid-19 que atuam nas UTIs, urg\u00eancias e emerg\u00eancias; idosos com mais de 60 anos em institui\u00e7\u00f5es de longa perman\u00eancia e deficientes maiores de 18 anos residentes em institui\u00e7\u00f5es inclusivas, ser\u00e1 conclu\u00edda no munic\u00edpio na nesta sexta-feira (29). O objetivo, a partir da pr\u00f3xima semana, \u00e9 vacinar profissionais da aten\u00e7\u00e3o b\u00e1sica e os demais profissionais das unidades hospitalares que n\u00e3o estavam inclu\u00eddos na recomenda\u00e7\u00e3o anterior do Minist\u00e9rio da Sa\u00fade.<\/p>\n\n\n\n<p>O secret\u00e1rio de Sa\u00fade, Aloisio Barbosa da Silva Filho, adiantou que a nova etapa vai vacinar os profissionais da aten\u00e7\u00e3o b\u00e1sica e das unidades hospitalares:<\/p>\n\n\n\n<p>\u201cEncaminhamos of\u00edcio para todos os diretores dos hospitais solicitando as listagens dos profissionais para dar andamento \u00e0 campanha de vacina\u00e7\u00e3o. Paralelamente a isso, nossas equipes de enfermagem, sob coordena\u00e7\u00e3o do Departamento de Vigil\u00e2ncia e Sa\u00fade, v\u00e3o realizar a vacina\u00e7\u00e3o dos profissionais das Unidades B\u00e1sicas de Sa\u00fade e postos de sa\u00fade da fam\u00edlia\u201d, declarou.<\/p>\n\n\n\n<p>Nesta segunda etapa, a vacina\u00e7\u00e3o continuar\u00e1 sendo volante, por isso, os profissionais ser\u00e3o vacinados nas unidades em que atuam.<\/p>\n","protected":false},"excerpt":{"rendered":"<p>A primeira etapa da campanha de vacina\u00e7\u00e3o contra a Covid-19, voltada a profissionais da linha<\/p>\n","protected":false},"author":2,"featured_media":9906,"comment_status":"open","ping_status":"open","sticky":false,"template":"","format":"standard","meta":{"footnotes":""},"categories":[12],"tags":[],"class_list":["post-9905","post","type-post","status-publish","format-standard","has-post-thumbnail","hentry","category-cidade"],"_links":{"self":[{"href":"https:\/\/tvc16.com\/portal\/wp-json\/wp\/v2\/posts\/9905","targetHints":{"allow":["GET"]}}],"collection":[{"href":"https:\/\/tvc16.com\/portal\/wp-json\/wp\/v2\/posts"}],"about":[{"href":"https:\/\/tvc16.com\/portal\/wp-json\/wp\/v2\/types\/post"}],"author":[{"embeddable":true,"href":"https:\/\/tvc16.com\/portal\/wp-json\/wp\/v2\/users\/2"}],"replies":[{"embeddable":true,"href":"https:\/\/tvc16.com\/portal\/wp-json\/wp\/v2\/comments?post=9905"}],"version-history":[{"count":1,"href":"https:\/\/tvc16.com\/portal\/wp-json\/wp\/v2\/posts\/9905\/revisions"}],"predecessor-version":[{"id":9907,"href":"https:\/\/tvc16.com\/portal\/wp-json\/wp\/v2\/posts\/9905\/revisions\/9907"}],"wp:featuredmedia":[{"embeddable":true,"href":"https:\/\/tvc16.com\/portal\/wp-json\/wp\/v2\/media\/9906"}],"wp:attachment":[{"href":"https:\/\/tvc16.com\/portal\/wp-json\/wp\/v2\/media?parent=9905"}],"wp:term":[{"taxonomy":"category","embeddable":true,"href":"https:\/\/tvc16.com\/portal\/wp-json\/wp\/v2\/categories?post=9905"},{"taxonomy":"post_tag","embeddable":true,"href":"https:\/\/tvc16.com\/portal\/wp-json\/wp\/v2\/tags?post=9905"}],"curies":[{"name":"wp","href":"https:\/\/api.w.org\/{rel}","templated":true}]}}