{"id":99055,"date":"2025-02-13T08:31:30","date_gmt":"2025-02-13T11:31:30","guid":{"rendered":"https:\/\/tvc16.com\/portal\/?p=99055"},"modified":"2025-02-13T08:31:48","modified_gmt":"2025-02-13T11:31:48","slug":"defesa-civil-do-rio-interdita-fabrica-de-fantasias-que-pegou-fogo","status":"publish","type":"post","link":"https:\/\/tvc16.com\/portal\/2025\/02\/13\/defesa-civil-do-rio-interdita-fabrica-de-fantasias-que-pegou-fogo\/","title":{"rendered":"Defesa Civil do Rio interdita f\u00e1brica de fantasias que pegou fogo"},"content":{"rendered":"\n<p><em>Im\u00f3vel anexo \u00e0 f\u00e1brica tamb\u00e9m foi interditado por risco de desabamento<\/em><\/p>\n\n\n\n<p>Por Ag\u00eancia Brasil \/ Foto: T\u00e2nia R\u00eago\/Ag\u00eancia Brasil<\/p>\n\n\n\n<p><\/p>\n\n\n\n<p>A Defesa Civil do Rio de Janeiro interditou a f\u00e1brica de fantasias, em Ramos, na zona norte da cidade,&nbsp;<a href=\"https:\/\/agenciabrasil.ebc.com.br\/geral\/noticia\/2025-02\/fabrica-que-pegou-fogo-no-rio-produzia-fantasias-para-o-carnaval\" target=\"_blank\" rel=\"noreferrer noopener\">ap\u00f3s um inc\u00eandio de grandes propor\u00e7\u00f5es atingir o local<\/a>&nbsp;na manh\u00e3 desta quarta-feira (12). O subsecret\u00e1rio da Defesa Civil, Rodrigo Gon\u00e7alves, informou que o im\u00f3vel anexo \u00e0 f\u00e1brica e utilizado na fabrica\u00e7\u00e3o, tamb\u00e9m precisou ser interditado por risco de desabamento.<img decoding=\"async\" src=\"https:\/\/agenciabrasil.ebc.com.br\/ebc.png?id=1630106&amp;o=node\"><img decoding=\"async\" src=\"https:\/\/agenciabrasil.ebc.com.br\/ebc.gif?id=1630106&amp;o=node\"><\/p>\n\n\n\n<p>\u201cAs equipes da Defesa Civil tamb\u00e9m vistoriaram um pr\u00e9dio residencial anexo, de tr\u00eas andares. A gente vai liberar as nove unidades, interditando apenas uma \u00e1rea de servi\u00e7o que pode ser afetada por conta desse inc\u00eandio\u201d, informou Gon\u00e7alves.<\/p>\n\n\n\n<p>A Maximus Confec\u00e7\u00f5es, f\u00e1brica de fantasias que pegou fogo,&nbsp;<a href=\"https:\/\/agenciabrasil.ebc.com.br\/geral\/noticia\/2025-02\/fabrica-de-fantasia-que-pegou-fogo-nao-tinha-autorizacao-dos-bombeiros\" target=\"_blank\" rel=\"noreferrer noopener\">n\u00e3o tinha autoriza\u00e7\u00e3o do Corpo de Bombeiros para funcionar<\/a>. Os bombeiros socorreram 21 pessoas, e ao menos 11 est\u00e3o com um quadro grave de sa\u00fade. N\u00e3o h\u00e1 mortos, nem desaparecidos.<\/p>\n\n\n\n<p>\u201cA edifica\u00e7\u00e3o n\u00e3o possu\u00eda aprova\u00e7\u00e3o do Corpo de Bombeiros, n\u00e3o tinha a condi\u00e7\u00e3o de seguran\u00e7a necess\u00e1ria para estar funcionando\u201d, afirmou o coronel Luciano Sarmento, subcomandante-geral da corpora\u00e7\u00e3o.<\/p>\n\n\n\n<p>\u201cEra uma edifica\u00e7\u00e3o que possu\u00eda muitos materiais de alta combust\u00e3o, como pl\u00e1sticos e pap\u00e9is. A edifica\u00e7\u00e3o n\u00e3o possui certificado de aprova\u00e7\u00e3o do Corpo de Bombeiros e, por consequ\u00eancia, n\u00e3o tinha condi\u00e7\u00f5es de seguran\u00e7a para o funcionamento\u201d, disse Sarmento em entrevista no local do inc\u00eandio.<br><br><\/p>\n","protected":false},"excerpt":{"rendered":"<p>Im\u00f3vel anexo \u00e0 f\u00e1brica tamb\u00e9m foi interditado por risco de desabamento Por Ag\u00eancia Brasil \/<\/p>\n","protected":false},"author":2,"featured_media":99056,"comment_status":"open","ping_status":"open","sticky":false,"template":"","format":"standard","meta":{"footnotes":""},"categories":[17],"tags":[],"class_list":["post-99055","post","type-post","status-publish","format-standard","has-post-thumbnail","hentry","category-outras-noticias"],"_links":{"self":[{"href":"https:\/\/tvc16.com\/portal\/wp-json\/wp\/v2\/posts\/99055","targetHints":{"allow":["GET"]}}],"collection":[{"href":"https:\/\/tvc16.com\/portal\/wp-json\/wp\/v2\/posts"}],"about":[{"href":"https:\/\/tvc16.com\/portal\/wp-json\/wp\/v2\/types\/post"}],"author":[{"embeddable":true,"href":"https:\/\/tvc16.com\/portal\/wp-json\/wp\/v2\/users\/2"}],"replies":[{"embeddable":true,"href":"https:\/\/tvc16.com\/portal\/wp-json\/wp\/v2\/comments?post=99055"}],"version-history":[{"count":1,"href":"https:\/\/tvc16.com\/portal\/wp-json\/wp\/v2\/posts\/99055\/revisions"}],"predecessor-version":[{"id":99057,"href":"https:\/\/tvc16.com\/portal\/wp-json\/wp\/v2\/posts\/99055\/revisions\/99057"}],"wp:featuredmedia":[{"embeddable":true,"href":"https:\/\/tvc16.com\/portal\/wp-json\/wp\/v2\/media\/99056"}],"wp:attachment":[{"href":"https:\/\/tvc16.com\/portal\/wp-json\/wp\/v2\/media?parent=99055"}],"wp:term":[{"taxonomy":"category","embeddable":true,"href":"https:\/\/tvc16.com\/portal\/wp-json\/wp\/v2\/categories?post=99055"},{"taxonomy":"post_tag","embeddable":true,"href":"https:\/\/tvc16.com\/portal\/wp-json\/wp\/v2\/tags?post=99055"}],"curies":[{"name":"wp","href":"https:\/\/api.w.org\/{rel}","templated":true}]}}