{"id":99061,"date":"2025-02-13T08:48:08","date_gmt":"2025-02-13T11:48:08","guid":{"rendered":"https:\/\/tvc16.com\/portal\/?p=99061"},"modified":"2025-02-13T08:48:10","modified_gmt":"2025-02-13T11:48:10","slug":"stj-nega-mais-prazo-para-regulamentar-cannabis-para-fins-medicinais","status":"publish","type":"post","link":"https:\/\/tvc16.com\/portal\/2025\/02\/13\/stj-nega-mais-prazo-para-regulamentar-cannabis-para-fins-medicinais\/","title":{"rendered":"STJ nega mais prazo para regulamentar cannabis para fins medicinais"},"content":{"rendered":"\n<p><em>Anvisa e Uni\u00e3o pediam amplia\u00e7\u00e3o de 6 para 12 meses<\/em><\/p>\n\n\n\n<p>Por Andr\u00e9 Richter \u2013 Rep\u00f3rter da Ag\u00eancia Brasil \/ Foto: Pf\u00fcderi\/ Pixabay<\/p>\n\n\n\n<p><\/p>\n\n\n\n<p>A Primeira Se\u00e7\u00e3o do Superior Tribunal de Justi\u00e7a (STJ) decidiu, nesta quarta-feira (12), rejeitar a amplia\u00e7\u00e3o do prazo para a Ag\u00eancia Nacional de Vigil\u00e2ncia Sanit\u00e1ria (Anvisa) regulamentar a importa\u00e7\u00e3o de sementes e o cultivo de&nbsp;<em>cannabis<\/em>&nbsp;(maconha) exclusivamente para fins medicinais, farmac\u00eauticos e industriais.<img decoding=\"async\" src=\"https:\/\/agenciabrasil.ebc.com.br\/ebc.png?id=1630150&amp;o=node\"><img decoding=\"async\" src=\"https:\/\/agenciabrasil.ebc.com.br\/ebc.gif?id=1630150&amp;o=node\"><\/p>\n\n\n\n<p>O colegiado julgou um pedido da Uni\u00e3o e da Anvisa para ampliar o prazo para 12 meses. Em novembro do ano passado, a Primeira Se\u00e7\u00e3o autorizou a importa\u00e7\u00e3o e determinou que a regulamenta\u00e7\u00e3o seja feita no prazo de 6 meses.<\/p>\n\n\n\n<p>Por unanimidade, os ministros entenderam que o prazo foi amplamente discutido durante o julgamento do caso e negaram o recurso.<\/p>\n\n\n\n<p>A decis\u00e3o que liberou a importa\u00e7\u00e3o vale para o chamado c\u00e2nhamo industrial (<em>hemp<\/em>), variedade de&nbsp;<em>cannabis<\/em>&nbsp;com percentual menor de 0,3% de tetrahidrocanabinol (THC), princ\u00edpio psicoativo da maconha.<\/p>\n\n\n\n<p>Para o STJ, a concentra\u00e7\u00e3o n\u00e3o \u00e9 considerada entorpecente. Dessa forma, o cultivo n\u00e3o pode ser restringido devido ao baixo teor de THC.<\/p>\n\n\n\n<p>A libera\u00e7\u00e3o da&nbsp;<em>cannabis&nbsp;<\/em>para fins medicinais foi decidida a partir do recurso de uma empresa de biotecnologia que buscava garantir a explora\u00e7\u00e3o industrial no Brasil. Apesar de a importa\u00e7\u00e3o ser autorizada pela Anvisa, os insumos se tornam caros no mercado nacional.<br><br><\/p>\n","protected":false},"excerpt":{"rendered":"<p>Anvisa e Uni\u00e3o pediam amplia\u00e7\u00e3o de 6 para 12 meses Por Andr\u00e9 Richter \u2013 Rep\u00f3rter<\/p>\n","protected":false},"author":2,"featured_media":99062,"comment_status":"open","ping_status":"open","sticky":false,"template":"","format":"standard","meta":{"footnotes":""},"categories":[17],"tags":[],"class_list":["post-99061","post","type-post","status-publish","format-standard","has-post-thumbnail","hentry","category-outras-noticias"],"_links":{"self":[{"href":"https:\/\/tvc16.com\/portal\/wp-json\/wp\/v2\/posts\/99061","targetHints":{"allow":["GET"]}}],"collection":[{"href":"https:\/\/tvc16.com\/portal\/wp-json\/wp\/v2\/posts"}],"about":[{"href":"https:\/\/tvc16.com\/portal\/wp-json\/wp\/v2\/types\/post"}],"author":[{"embeddable":true,"href":"https:\/\/tvc16.com\/portal\/wp-json\/wp\/v2\/users\/2"}],"replies":[{"embeddable":true,"href":"https:\/\/tvc16.com\/portal\/wp-json\/wp\/v2\/comments?post=99061"}],"version-history":[{"count":1,"href":"https:\/\/tvc16.com\/portal\/wp-json\/wp\/v2\/posts\/99061\/revisions"}],"predecessor-version":[{"id":99063,"href":"https:\/\/tvc16.com\/portal\/wp-json\/wp\/v2\/posts\/99061\/revisions\/99063"}],"wp:featuredmedia":[{"embeddable":true,"href":"https:\/\/tvc16.com\/portal\/wp-json\/wp\/v2\/media\/99062"}],"wp:attachment":[{"href":"https:\/\/tvc16.com\/portal\/wp-json\/wp\/v2\/media?parent=99061"}],"wp:term":[{"taxonomy":"category","embeddable":true,"href":"https:\/\/tvc16.com\/portal\/wp-json\/wp\/v2\/categories?post=99061"},{"taxonomy":"post_tag","embeddable":true,"href":"https:\/\/tvc16.com\/portal\/wp-json\/wp\/v2\/tags?post=99061"}],"curies":[{"name":"wp","href":"https:\/\/api.w.org\/{rel}","templated":true}]}}