{"id":99074,"date":"2025-02-13T11:05:01","date_gmt":"2025-02-13T14:05:01","guid":{"rendered":"https:\/\/tvc16.com\/portal\/?p=99074"},"modified":"2025-02-13T11:05:04","modified_gmt":"2025-02-13T14:05:04","slug":"maior-biblioteca-municipal-da-regiao-serrana-fica-em-teresopolis","status":"publish","type":"post","link":"https:\/\/tvc16.com\/portal\/2025\/02\/13\/maior-biblioteca-municipal-da-regiao-serrana-fica-em-teresopolis\/","title":{"rendered":"Maior biblioteca municipal da Regi\u00e3o Serrana fica em Teres\u00f3polis"},"content":{"rendered":"\n<h2 class=\"wp-block-heading\">Espa\u00e7o abriga mais de 60 mil t\u00edtulos, de variados temas<\/h2>\n\n\n\n<p>Os benef\u00edcios em cultivar o h\u00e1bito da leitura s\u00e3o in\u00fameros. A leitura estimula o racioc\u00ednio, melhora o vocabul\u00e1rio, aprimora a capacidade interpretativa, al\u00e9m de proporcionar ao leitor um conhecimento amplo e diversificado sobre v\u00e1rios assuntos. E Teres\u00f3polis \u00e9 privilegiada com um espa\u00e7o que possui um acervo de 60 mil t\u00edtulos \u00e0 disposi\u00e7\u00e3o da popula\u00e7\u00e3o: a Biblioteca Municipal Ant\u00f4nio Paulo Capanema, a maior da Regi\u00e3o Serrana, que completa 85 anos em 2025.<\/p>\n\n\n\n<p>O espa\u00e7o de leitura e empr\u00e9stimo de livros \u00e9 coordenado pelo professor Marcos Habib. \u201cA leitura continua sendo o maior e mais precioso investimento que podemos fazer para o nosso crescimento intelectual e pessoal. Orgulhosamente, somos a maior biblioteca municipal da Regi\u00e3o Serrana, um espa\u00e7o repleto de conhecimento, cultura e hist\u00f3ria, esperando por todos que desejam se encantar pelo mundo dos livros\u201d, enfatizou o professor.<\/p>\n\n\n\n<p>A biblioteca possui espa\u00e7o para leitura, inclusive com acesso Wi-Fi para complementar pesquisas do leitor, e tamb\u00e9m faz empr\u00e9stimos dos livros. Para se tornar um membro, basta comparecer ao local com um documento de identifica\u00e7\u00e3o, ser\u00e1 feita uma carteirinha de leitor e com ela a pessoa poder\u00e1 adquirir at\u00e9 dois livros por vez e ter\u00e1 15 dias para devolv\u00ea-lo, podendo renovar o prazo. As crian\u00e7as tamb\u00e9m recebem uma carteirinha. O espa\u00e7o aceita doa\u00e7\u00f5es de livros em boas condi\u00e7\u00f5es de uso.<\/p>\n\n\n\n<p>\u201cPedimos a todos que desejam fazer doa\u00e7\u00f5es \u00e0 nossa biblioteca que, ao selecionar os livros, considerem que n\u00e3o somos um simples dep\u00f3sito, mas sim um acervo liter\u00e1rio dedicado ao conhecimento e \u00e0 cultura. Solicitamos que as doa\u00e7\u00f5es sejam de obras que representem qualidade e relev\u00e2ncia, pois nosso compromisso \u00e9 com um acervo enriquecedor para todos. Agradecemos imensamente a generosidade e colabora\u00e7\u00e3o de todos\u201d, pontuou Marcos Habib.<\/p>\n\n\n\n<p>O coordenador convida o p\u00fablico em geral para conhecer o espa\u00e7o, afinal ler desenvolve a criatividade, a comunica\u00e7\u00e3o e amplia a habilidade na escrita. \u201cCom a lideran\u00e7a da nossa querida Secret\u00e1ria de Educa\u00e7\u00e3o, Carla Rabello, e da dedicada bibliotec\u00e1ria Nat\u00e1lia Monteiro, tenho o prazer de convidar toda a popula\u00e7\u00e3o de Teres\u00f3polis a se aproximar da nossa Biblioteca Municipal. Desde 1940, estamos aqui, acolhendo nossos leitores com uma vasta cole\u00e7\u00e3o de livros que abrangem os mais diversos temas\u201d.<\/p>\n\n\n\n<p>A Biblioteca Municipal Ant\u00f4nio Paulo Capanema de Souza est\u00e1 instalada na sede da Secretaria Municipal de Educa\u00e7\u00e3o, na Rua Carmela Dutra, 475 \u2013 1\u00ba andar, em Agri\u00f5es. O hor\u00e1rio de atendimento ao p\u00fablico \u00e9 de segunda a sexta-feira, das 8h \u00e0s 16h.<\/p>\n","protected":false},"excerpt":{"rendered":"<p>Espa\u00e7o abriga mais de 60 mil t\u00edtulos, de variados temas Os benef\u00edcios em cultivar o<\/p>\n","protected":false},"author":2,"featured_media":99075,"comment_status":"open","ping_status":"open","sticky":false,"template":"","format":"standard","meta":{"footnotes":""},"categories":[17],"tags":[],"class_list":["post-99074","post","type-post","status-publish","format-standard","has-post-thumbnail","hentry","category-outras-noticias"],"_links":{"self":[{"href":"https:\/\/tvc16.com\/portal\/wp-json\/wp\/v2\/posts\/99074","targetHints":{"allow":["GET"]}}],"collection":[{"href":"https:\/\/tvc16.com\/portal\/wp-json\/wp\/v2\/posts"}],"about":[{"href":"https:\/\/tvc16.com\/portal\/wp-json\/wp\/v2\/types\/post"}],"author":[{"embeddable":true,"href":"https:\/\/tvc16.com\/portal\/wp-json\/wp\/v2\/users\/2"}],"replies":[{"embeddable":true,"href":"https:\/\/tvc16.com\/portal\/wp-json\/wp\/v2\/comments?post=99074"}],"version-history":[{"count":1,"href":"https:\/\/tvc16.com\/portal\/wp-json\/wp\/v2\/posts\/99074\/revisions"}],"predecessor-version":[{"id":99076,"href":"https:\/\/tvc16.com\/portal\/wp-json\/wp\/v2\/posts\/99074\/revisions\/99076"}],"wp:featuredmedia":[{"embeddable":true,"href":"https:\/\/tvc16.com\/portal\/wp-json\/wp\/v2\/media\/99075"}],"wp:attachment":[{"href":"https:\/\/tvc16.com\/portal\/wp-json\/wp\/v2\/media?parent=99074"}],"wp:term":[{"taxonomy":"category","embeddable":true,"href":"https:\/\/tvc16.com\/portal\/wp-json\/wp\/v2\/categories?post=99074"},{"taxonomy":"post_tag","embeddable":true,"href":"https:\/\/tvc16.com\/portal\/wp-json\/wp\/v2\/tags?post=99074"}],"curies":[{"name":"wp","href":"https:\/\/api.w.org\/{rel}","templated":true}]}}