{"id":99077,"date":"2025-02-13T12:07:41","date_gmt":"2025-02-13T15:07:41","guid":{"rendered":"https:\/\/tvc16.com\/portal\/?p=99077"},"modified":"2025-02-13T12:07:43","modified_gmt":"2025-02-13T15:07:43","slug":"camara-aprova-pl-que-permite-o-retorno-da-cobranca-de-sacolas-plasticas-em-mercados-de-petropolis","status":"publish","type":"post","link":"https:\/\/tvc16.com\/portal\/2025\/02\/13\/camara-aprova-pl-que-permite-o-retorno-da-cobranca-de-sacolas-plasticas-em-mercados-de-petropolis\/","title":{"rendered":"C\u00e2mara aprova PL que permite o retorno da cobran\u00e7a de sacolas pl\u00e1sticas em mercados de Petr\u00f3polis"},"content":{"rendered":"\n<p><em>Projeto segue agora para san\u00e7\u00e3o do prefeito da cidade, Hingo Hammes<\/em><\/p>\n\n\n\n<p>Por Hugo Petersen<\/p>\n\n\n\n<p>A C\u00e2mara Municipal de Petr\u00f3polis aprovou, nesta ter\u00e7a-feira (12), um Projeto de Lei que permite a volta da cobran\u00e7a das sacolas pl\u00e1sticas nos mercados da cidade. O projeto, de autoria do vereador Gil Magno (PSB), sugere a revoga\u00e7\u00e3o da Lei de n\u00famero 8.218\/2021, que proibia a cobran\u00e7a do item. De acordo com o vereador, o PL tem o objetivo de conscientizar a popula\u00e7\u00e3o, sobre o uso de sacolas reutiliz\u00e1veis e sustent\u00e1veis, incentivando alternativas de baixo custo.<\/p>\n\n\n\n<p>Se o Projeto de Lei for aprovado, os estabelecimentos da cidade ter\u00e3o at\u00e9 o dia primeiro de maio para se adequarem a norma. A proposta agora segue para o prefeito Hingo Hammes, que pode aprovar ou n\u00e3o a medida. Caso aprovada, a fiscaliza\u00e7\u00e3o vai ser de responsabilidade da Prefeitura de Petr\u00f3polis.<\/p>\n\n\n\n<p>Jo\u00e3o Carlos trabalha como cabeleireiro, e se mostrou contra a cobran\u00e7a. \u201cO pre\u00e7o do mercado j\u00e1 est\u00e1 caro demais para ficar cobrando as sacolas pl\u00e1sticas. Eu acho que n\u00e3o \u00e9 v\u00e1lido\u201d, disse. Sheila Celestino, costureira, relembrou da \u00e9poca em que os itens eram cobrados na cidade. \u201cEu sou contra. N\u00e3o adianta, da outra vez que fizeram isso n\u00e3o deu certo\u201d, afirmou.<\/p>\n\n\n\n<p>Vereadores<\/p>\n\n\n\n<p>Votaram a favor do projeto os vereadores: Gil Magno (PSB); Dudu (Uni\u00e3o Brasil); Junior Coruja (PSD); J\u00falia Casamasso (PSOL); L\u00edvia Miranda (PCDOB); Wesley Barreto (PRD); Thiago Leite Guel (PSD); e L\u00e9o Fran\u00e7a (PSB). Os parlamentares que votaram contra foram: Carlos Alberto (MDB), Dr. Aloisio Barbosa (PP), Henrique Laranja (PP) e Thiago Damasceno (PSDB). Os vereadores Oct\u00e1vio Sampaio (PL), J\u00fanior Paix\u00e3o (PSDB) e Marquinhos Almeida (PP) se abstiveram, ou seja, n\u00e3o votaram.<\/p>\n\n\n\n<p>O motorista, David Guimar\u00e3es, criticou firmemente o projeto e destacou que o desconto que muitos consumidores conseguem, indo em v\u00e1rios mercados, ser\u00e1 perdido com o custo das sacolas. \u201c\u00c9 um absurdo. Um vereador eleito pelo povo n\u00e3o sabe o que \u00e9 ir em um mercado para \u2018brigar\u2019 por centavos de desconto. Andar \u00e0s vezes tr\u00eas ou quatro mercados para ter descontos de 20, 30 centavos em um item. Agora, se esse Projeto de Lei for sancionado, todo esse desconto vai ser perdido no pre\u00e7o das sacolas\u201d, disse.<\/p>\n","protected":false},"excerpt":{"rendered":"<p>Projeto segue agora para san\u00e7\u00e3o do prefeito da cidade, Hingo Hammes Por Hugo Petersen A<\/p>\n","protected":false},"author":2,"featured_media":99078,"comment_status":"open","ping_status":"open","sticky":false,"template":"","format":"standard","meta":{"footnotes":""},"categories":[12],"tags":[],"class_list":["post-99077","post","type-post","status-publish","format-standard","has-post-thumbnail","hentry","category-cidade"],"_links":{"self":[{"href":"https:\/\/tvc16.com\/portal\/wp-json\/wp\/v2\/posts\/99077","targetHints":{"allow":["GET"]}}],"collection":[{"href":"https:\/\/tvc16.com\/portal\/wp-json\/wp\/v2\/posts"}],"about":[{"href":"https:\/\/tvc16.com\/portal\/wp-json\/wp\/v2\/types\/post"}],"author":[{"embeddable":true,"href":"https:\/\/tvc16.com\/portal\/wp-json\/wp\/v2\/users\/2"}],"replies":[{"embeddable":true,"href":"https:\/\/tvc16.com\/portal\/wp-json\/wp\/v2\/comments?post=99077"}],"version-history":[{"count":1,"href":"https:\/\/tvc16.com\/portal\/wp-json\/wp\/v2\/posts\/99077\/revisions"}],"predecessor-version":[{"id":99079,"href":"https:\/\/tvc16.com\/portal\/wp-json\/wp\/v2\/posts\/99077\/revisions\/99079"}],"wp:featuredmedia":[{"embeddable":true,"href":"https:\/\/tvc16.com\/portal\/wp-json\/wp\/v2\/media\/99078"}],"wp:attachment":[{"href":"https:\/\/tvc16.com\/portal\/wp-json\/wp\/v2\/media?parent=99077"}],"wp:term":[{"taxonomy":"category","embeddable":true,"href":"https:\/\/tvc16.com\/portal\/wp-json\/wp\/v2\/categories?post=99077"},{"taxonomy":"post_tag","embeddable":true,"href":"https:\/\/tvc16.com\/portal\/wp-json\/wp\/v2\/tags?post=99077"}],"curies":[{"name":"wp","href":"https:\/\/api.w.org\/{rel}","templated":true}]}}