{"id":99092,"date":"2025-02-17T08:28:00","date_gmt":"2025-02-17T11:28:00","guid":{"rendered":"https:\/\/tvc16.com\/portal\/?p=99092"},"modified":"2025-02-17T08:28:45","modified_gmt":"2025-02-17T11:28:45","slug":"taruira-mistura-ritmos-no-melhor-carnaval-da-serra-em-itaipava","status":"publish","type":"post","link":"https:\/\/tvc16.com\/portal\/2025\/02\/17\/taruira-mistura-ritmos-no-melhor-carnaval-da-serra-em-itaipava\/","title":{"rendered":"Taru\u00edra mistura ritmos no melhor carnaval da Serra, em Itaipava"},"content":{"rendered":"\n<p><em>Festa est\u00e1 garantida no Shopping Vilarejo nos dias 2, 3 e 4 de mar\u00e7o<\/em><\/p>\n\n\n\n<p>E come\u00e7ou a contagem regressiva para o melhor carnaval de Petr\u00f3polis. Isso porque a 13\u00aa edi\u00e7\u00e3o do Carnaval do Taru\u00edra vai rolar na tradicional folia do Shopping Vilarejo com muita m\u00fasica, alegria e anima\u00e7\u00e3o. O bailinho, que j\u00e1 se consolidou como uma das principais festividades carnavalescas da regi\u00e3o, acontece no domingo (2\/3), segunda (3) e ter\u00e7a-feira (4) de carnaval, a partir das 17h, reunindo foli\u00f5es de todas as idades na Pra\u00e7a do Sol.<\/p>\n\n\n\n<p>Com um repert\u00f3rio que passeia por marchinhas, sambas e choros, o Taru\u00edra mant\u00e9m viva a ess\u00eancia do Carnaval popular, proporcionando um ambiente familiar e descontra\u00eddo. No ano passado, a festa atraiu cerca de 15 mil pessoas nos tr\u00eas dias de folia e mostrou, mais uma vez, porque \u00e9 um dos eventos mais aguardados do per\u00edodo.<\/p>\n\n\n\n<p>Nesta edi\u00e7\u00e3o, o Taru\u00edra apresenta uma forma\u00e7\u00e3o especial, trazendo grandes m\u00fasicos para embalar a festa. O grupo ser\u00e1 composto por Breno Morais (sax e flauta), Carlos Watkins (sax), Wesley Costalonga (trompete), Arthur Leite (trombone), Laio Simas (cavaquinho), Wiliam Belle (guitarra), Jo\u00e3o Victor (baixo), Yuri Garrido (bateria e percuss\u00e3o) e Storni (bateria e percuss\u00e3o). Al\u00e9m disso, o show contar\u00e1 com as participa\u00e7\u00f5es especiais das cantoras Maria Swenson, Melissa Maluly e N\u00edvea Seabra, garantindo ainda mais brilho ao evento.<\/p>\n\n\n\n<p>Para o m\u00fasico Breno Morais, a parceria com o Shopping Vilarejo refor\u00e7a a import\u00e2ncia de manter viva a tradi\u00e7\u00e3o do Carnaval em Itaipava.<em>&nbsp;&#8220;O Carnaval do Taru\u00edra j\u00e1 virou tradi\u00e7\u00e3o e \u00e9 sempre emocionante ver a Pra\u00e7a do Sol cheia de alegria e m\u00fasica. Este ano preparamos um repert\u00f3rio especial para fazer todo mundo cantar e dan\u00e7ar junto. Vai ser uma festa inesquec\u00edvel\u201d, promete.<\/em><\/p>\n\n\n\n<p>O Carnaval do Vilarejo se destaca por ser uma festa inclusiva e acess\u00edvel, que re\u00fane amigos e foli\u00f5es de todas as idades. Assim como nos anos anteriores, toda a programa\u00e7\u00e3o ser\u00e1 gratuita e aberta ao p\u00fablico.&nbsp;&#8220;O nosso carnaval \u00e9 uma tradi\u00e7\u00e3o antiga e querida pelo p\u00fablico, em um lugar bonito, seguro e repleto com muita m\u00fasica de qualidade. Nosso objetivo \u00e9 proporcionar uma festa acess\u00edvel e animada, onde todos possam se divertir juntos, celebrando a alegria do Carnaval&#8221;, afirma Tiago Corr\u00eaa, administrador do Shopping Vilarejo.<\/p>\n\n\n\n<p><strong>Carnavau Au Au: os pets tamb\u00e9m entram na folia!<\/strong><\/p>\n\n\n\n<p>E, claro, a divers\u00e3o para os pets tamb\u00e9m est\u00e1 garantida no Carnavau Au Au. No s\u00e1bado (1\u00ba), \u00e0s 15h, os bichinhos abrem a programa\u00e7\u00e3o da folia com um animado desfile de fantasias que promete encantar a todos. Em sua segunda edi\u00e7\u00e3o, depois do grande sucesso no ano passado, o evento abre a programa\u00e7\u00e3o do Carnaval do Vilarejo. A disputa pela melhor fantasia ser\u00e1 acirrada, e a dupla mais criativa entre crian\u00e7a e pet fantasiados, levar\u00e1 um pr\u00eamio especial: um overboard (patinete el\u00e9trico) completo, para aumentar a divers\u00e3o. Um encontro para toda a fam\u00edlia \u2013 incluindo os amigos de quatro patas, e at\u00e9 DJ para abalar a festa.<br><\/p>\n\n\n\n<p><strong>Servi\u00e7o: Carnaval do Vilarejo<\/strong><\/p>\n\n\n\n<p><strong>Carnaval Au Au<\/strong>\u00a0\u00a0<\/p>\n\n\n\n<p><br>\u00a0<strong>Data<\/strong>: 1\u00ba de mar\u00e7o\/ s\u00e1bado<\/p>\n\n\n\n<p>\u00a0<strong>Hor\u00e1rio:\u00a0<\/strong>15h<\/p>\n\n\n\n<p>\u00a0<strong>Entrada<\/strong>: Gratuita<\/p>\n\n\n\n<p><strong>Carnaval Taru\u00edra&nbsp;<\/strong><strong><\/strong><\/p>\n\n\n\n<p>\u00a0<strong>Data<\/strong>: 2, 3 e 4 de mar\u00e7o\/domingo, segunda e ter\u00e7a<\/p>\n\n\n\n<p><strong>Hor\u00e1rio:\u00a0<\/strong>17h \u00e0s 21h<\/p>\n\n\n\n<p>\u00a0<strong>Entrada<\/strong>: Gratuita<\/p>\n\n\n\n<p><br><strong>Local<\/strong>: Shopping Vilarejo \u2013 Estrada Uni\u00e3o e Ind\u00fastria, 10.035 \u2013 Itaipava<br><\/p>\n\n\n\n<p><strong>Hor\u00e1rio de funcionamento do shopping:<\/strong><\/p>\n\n\n\n<ul class=\"wp-block-list\">\n<li><strong>Ter\u00e7a-feira<\/strong>: 14h \u00e0s 19h<\/li>\n\n\n\n<li><strong>Quarta a Sexta-feira<\/strong>: 10h \u00e0s 19h<\/li>\n\n\n\n<li><strong>S\u00e1bado<\/strong>: 10h \u00e0s 20h<\/li>\n\n\n\n<li><strong>Domingo<\/strong>: 10h \u00e0s 18h<\/li>\n<\/ul>\n\n\n\n<p><strong>Mais informa\u00e7\u00f5es<\/strong>: @shoppingvilarejo no Instagram<\/p>\n\n\n\n<p>Foto: Thayn\u00e1 Delgado<\/p>\n","protected":false},"excerpt":{"rendered":"<p>Festa est\u00e1 garantida no Shopping Vilarejo nos dias 2, 3 e 4 de mar\u00e7o E<\/p>\n","protected":false},"author":2,"featured_media":99093,"comment_status":"open","ping_status":"open","sticky":false,"template":"","format":"standard","meta":{"footnotes":""},"categories":[12],"tags":[],"class_list":["post-99092","post","type-post","status-publish","format-standard","has-post-thumbnail","hentry","category-cidade"],"_links":{"self":[{"href":"https:\/\/tvc16.com\/portal\/wp-json\/wp\/v2\/posts\/99092","targetHints":{"allow":["GET"]}}],"collection":[{"href":"https:\/\/tvc16.com\/portal\/wp-json\/wp\/v2\/posts"}],"about":[{"href":"https:\/\/tvc16.com\/portal\/wp-json\/wp\/v2\/types\/post"}],"author":[{"embeddable":true,"href":"https:\/\/tvc16.com\/portal\/wp-json\/wp\/v2\/users\/2"}],"replies":[{"embeddable":true,"href":"https:\/\/tvc16.com\/portal\/wp-json\/wp\/v2\/comments?post=99092"}],"version-history":[{"count":2,"href":"https:\/\/tvc16.com\/portal\/wp-json\/wp\/v2\/posts\/99092\/revisions"}],"predecessor-version":[{"id":99253,"href":"https:\/\/tvc16.com\/portal\/wp-json\/wp\/v2\/posts\/99092\/revisions\/99253"}],"wp:featuredmedia":[{"embeddable":true,"href":"https:\/\/tvc16.com\/portal\/wp-json\/wp\/v2\/media\/99093"}],"wp:attachment":[{"href":"https:\/\/tvc16.com\/portal\/wp-json\/wp\/v2\/media?parent=99092"}],"wp:term":[{"taxonomy":"category","embeddable":true,"href":"https:\/\/tvc16.com\/portal\/wp-json\/wp\/v2\/categories?post=99092"},{"taxonomy":"post_tag","embeddable":true,"href":"https:\/\/tvc16.com\/portal\/wp-json\/wp\/v2\/tags?post=99092"}],"curies":[{"name":"wp","href":"https:\/\/api.w.org\/{rel}","templated":true}]}}