{"id":99095,"date":"2025-02-13T13:19:07","date_gmt":"2025-02-13T16:19:07","guid":{"rendered":"https:\/\/tvc16.com\/portal\/?p=99095"},"modified":"2025-02-13T13:19:34","modified_gmt":"2025-02-13T16:19:34","slug":"policia-civil-prende-homem-por-tentativa-de-homicidio-stalking-e-lesao-corporal-grave-em-teresopolis","status":"publish","type":"post","link":"https:\/\/tvc16.com\/portal\/2025\/02\/13\/policia-civil-prende-homem-por-tentativa-de-homicidio-stalking-e-lesao-corporal-grave-em-teresopolis\/","title":{"rendered":"Pol\u00edcia Civil prende homem por tentativa de homic\u00eddio, stalking e les\u00e3o corporal grave em Teres\u00f3polis"},"content":{"rendered":"\n<p>Policiais civis da 110\u00aa DP (Teres\u00f3polis) prenderam, nesta quarta-feira (12\/02), um homem acusado de tentativa de homic\u00eddio, stalking e les\u00e3o corporal grave. A v\u00edtima foi atacada com uma faca, e trabalhava como porteiro no condom\u00ednio do autor.<\/p>\n\n\n\n<p>O crime aconteceu no \u00faltimo domingo (11\/02) quando o acusado chegou a ser preso em flagrante por persegui\u00e7\u00e3o e agress\u00e3o, mas foi liberado para responder em liberdade. No entanto, com ap\u00f3s o laudo pericial constatando a gravidade das les\u00f5es e o depoimento de novas testemunhas, foi determinada sua pris\u00e3o preventiva.<\/p>\n\n\n\n<p>Durante o cumprimento do mandado de pris\u00e3o preventiva, foram apreendidas mais tr\u00eas adagas id\u00eanticas \u00e0 utilizada no crime. O suspeito tentou resistir \u00e0 pris\u00e3o, sendo necess\u00e1rio o uso moderado da for\u00e7a e de algemas para cont\u00ea-lo.<\/p>\n","protected":false},"excerpt":{"rendered":"<p>Policiais civis da 110\u00aa DP (Teres\u00f3polis) prenderam, nesta quarta-feira (12\/02), um homem acusado de tentativa<\/p>\n","protected":false},"author":2,"featured_media":91531,"comment_status":"open","ping_status":"open","sticky":false,"template":"","format":"standard","meta":{"footnotes":""},"categories":[17],"tags":[],"class_list":["post-99095","post","type-post","status-publish","format-standard","has-post-thumbnail","hentry","category-outras-noticias"],"_links":{"self":[{"href":"https:\/\/tvc16.com\/portal\/wp-json\/wp\/v2\/posts\/99095","targetHints":{"allow":["GET"]}}],"collection":[{"href":"https:\/\/tvc16.com\/portal\/wp-json\/wp\/v2\/posts"}],"about":[{"href":"https:\/\/tvc16.com\/portal\/wp-json\/wp\/v2\/types\/post"}],"author":[{"embeddable":true,"href":"https:\/\/tvc16.com\/portal\/wp-json\/wp\/v2\/users\/2"}],"replies":[{"embeddable":true,"href":"https:\/\/tvc16.com\/portal\/wp-json\/wp\/v2\/comments?post=99095"}],"version-history":[{"count":1,"href":"https:\/\/tvc16.com\/portal\/wp-json\/wp\/v2\/posts\/99095\/revisions"}],"predecessor-version":[{"id":99096,"href":"https:\/\/tvc16.com\/portal\/wp-json\/wp\/v2\/posts\/99095\/revisions\/99096"}],"wp:featuredmedia":[{"embeddable":true,"href":"https:\/\/tvc16.com\/portal\/wp-json\/wp\/v2\/media\/91531"}],"wp:attachment":[{"href":"https:\/\/tvc16.com\/portal\/wp-json\/wp\/v2\/media?parent=99095"}],"wp:term":[{"taxonomy":"category","embeddable":true,"href":"https:\/\/tvc16.com\/portal\/wp-json\/wp\/v2\/categories?post=99095"},{"taxonomy":"post_tag","embeddable":true,"href":"https:\/\/tvc16.com\/portal\/wp-json\/wp\/v2\/tags?post=99095"}],"curies":[{"name":"wp","href":"https:\/\/api.w.org\/{rel}","templated":true}]}}