{"id":99097,"date":"2025-02-13T13:21:11","date_gmt":"2025-02-13T16:21:11","guid":{"rendered":"https:\/\/tvc16.com\/portal\/?p=99097"},"modified":"2025-02-13T13:21:13","modified_gmt":"2025-02-13T16:21:13","slug":"adolescente-e-apreendida-por-tentativa-de-homicidio-em-nova-friburgo","status":"publish","type":"post","link":"https:\/\/tvc16.com\/portal\/2025\/02\/13\/adolescente-e-apreendida-por-tentativa-de-homicidio-em-nova-friburgo\/","title":{"rendered":"Adolescente \u00e9 apreendida por tentativa de homic\u00eddio em Nova Friburgo"},"content":{"rendered":"\n<p>Policiais civis da 151\u00aa DP (Nova Friburgo) apreenderam uma adolescente em flagrante, nesta ter\u00e7a-feira (11\/02), por ato infracional an\u00e1logo ao crime de tentativa de homic\u00eddio, em Nova Friburgo, Regi\u00e3o Serrana do Estado.<\/p>\n\n\n\n<p>De acordo com os agentes, eles se deslocaram at\u00e9 o hospital ap\u00f3s serem informados sobre uma pessoa esfaqueada. Durante as investiga\u00e7\u00f5es, os policiais conseguiram localizar a adolescente, que confessou a autoria do crime, alegando motiva\u00e7\u00e3o passional. Ela revelou ainda que havia atra\u00eddo a v\u00edtima para um local deserto, onde desferiu os golpes de faca.<\/p>\n\n\n\n<p>A a\u00e7\u00e3o contou com apoio da Pol\u00edcia Militar. Os agentes localizaram e apreenderam a adolescente no bairro Campo do Coelho, em Nova Friburgo.<\/p>\n","protected":false},"excerpt":{"rendered":"<p>Policiais civis da 151\u00aa DP (Nova Friburgo) apreenderam uma adolescente em flagrante, nesta ter\u00e7a-feira (11\/02),<\/p>\n","protected":false},"author":2,"featured_media":71491,"comment_status":"open","ping_status":"open","sticky":false,"template":"","format":"standard","meta":{"footnotes":""},"categories":[17],"tags":[],"class_list":["post-99097","post","type-post","status-publish","format-standard","has-post-thumbnail","hentry","category-outras-noticias"],"_links":{"self":[{"href":"https:\/\/tvc16.com\/portal\/wp-json\/wp\/v2\/posts\/99097","targetHints":{"allow":["GET"]}}],"collection":[{"href":"https:\/\/tvc16.com\/portal\/wp-json\/wp\/v2\/posts"}],"about":[{"href":"https:\/\/tvc16.com\/portal\/wp-json\/wp\/v2\/types\/post"}],"author":[{"embeddable":true,"href":"https:\/\/tvc16.com\/portal\/wp-json\/wp\/v2\/users\/2"}],"replies":[{"embeddable":true,"href":"https:\/\/tvc16.com\/portal\/wp-json\/wp\/v2\/comments?post=99097"}],"version-history":[{"count":1,"href":"https:\/\/tvc16.com\/portal\/wp-json\/wp\/v2\/posts\/99097\/revisions"}],"predecessor-version":[{"id":99098,"href":"https:\/\/tvc16.com\/portal\/wp-json\/wp\/v2\/posts\/99097\/revisions\/99098"}],"wp:featuredmedia":[{"embeddable":true,"href":"https:\/\/tvc16.com\/portal\/wp-json\/wp\/v2\/media\/71491"}],"wp:attachment":[{"href":"https:\/\/tvc16.com\/portal\/wp-json\/wp\/v2\/media?parent=99097"}],"wp:term":[{"taxonomy":"category","embeddable":true,"href":"https:\/\/tvc16.com\/portal\/wp-json\/wp\/v2\/categories?post=99097"},{"taxonomy":"post_tag","embeddable":true,"href":"https:\/\/tvc16.com\/portal\/wp-json\/wp\/v2\/tags?post=99097"}],"curies":[{"name":"wp","href":"https:\/\/api.w.org\/{rel}","templated":true}]}}